{"id":102131,"date":"2023-10-23T14:27:44","date_gmt":"2023-10-23T17:27:44","guid":{"rendered":"https:\/\/blogdoedvaldomagalhaes.com.br\/?p=102131"},"modified":"2023-10-23T14:27:45","modified_gmt":"2023-10-23T17:27:45","slug":"ministerio-publico-quer-ouvir-a-populacao-para-definir-planejamento","status":"publish","type":"post","link":"https:\/\/blogdoedvaldomagalhaes.com.br\/index.php\/2023\/10\/23\/ministerio-publico-quer-ouvir-a-populacao-para-definir-planejamento\/","title":{"rendered":"Minist\u00e9rio P\u00fablico quer ouvir a popula\u00e7\u00e3o para definir planejamento"},"content":{"rendered":"<p>O Minist\u00e9rio P\u00fablico de Pernambuco (MPPE) est\u00e1 come\u00e7ando a tra\u00e7ar o seu planejamento estrat\u00e9gico para os anos de 2024 a 2029. E a sua opini\u00e3o \u00e9 essencial para definir as prioridades institucionais para o restante da d\u00e9cada.<\/p>\n<p>\u00c9 simples contribuir com a prepara\u00e7\u00e3o do nosso ciclo de Gest\u00e3o Estrat\u00e9gica: basta responder o formul\u00e1rio disponibilizado no link https:\/\/bit.ly\/PesquisaMPPE. A pesquisa est\u00e1 aberta para o p\u00fablico at\u00e9 o dia 30 de outubro.<\/p>\n<p>A pesquisa \u00e9 totalmente confidencial e os dados coletados ser\u00e3o anonimizados, em respeito aos preceitos da Lei Geral de Prote\u00e7\u00e3o de Dados (LGPD).<\/p>\n<p>&#8220;A voz da cidad\u00e3 e do cidad\u00e3o pernambucanos \u00e9 muito importante para o Minist\u00e9rio P\u00fablico. Os resultados obtidos nessa pesquisa v\u00e3o ser utilizados para entendermos quais devem ser as prioridades da atua\u00e7\u00e3o institucional em cada \u00e1rea tem\u00e1tica. Dentro do nosso ciclo da Gest\u00e3o Estrat\u00e9gica, isso vai se refletir na constru\u00e7\u00e3o de programas e a\u00e7\u00f5es alinhados a esses assuntos priorizados pela sociedade&#8221;, detalhou o Procurador-Geral de Justi\u00e7a, Marcos Carvalho.<br \/>\nFoto: Divulga\u00e7\u00e3o.<\/p>\n<p>Siga o Instagram do Blog para comentar @blogdoedvaldomagalhaes<br \/>\nSe inscreva no canal do Blog no You Tube<\/p>\n","protected":false},"excerpt":{"rendered":"<p>O Minist\u00e9rio P\u00fablico de Pernambuco (MPPE) est\u00e1 come\u00e7ando a tra\u00e7ar o seu planejamento estrat\u00e9gico para os anos de 2024 a&hellip;<\/p>\n","protected":false},"author":1,"featured_media":102132,"comment_status":"closed","ping_status":"open","sticky":false,"template":"","format":"standard","meta":{"footnotes":""},"categories":[14120],"tags":[28803,2,28801,3406,28922],"class_list":["post-102131","post","type-post","status-publish","format-standard","has-post-thumbnail","hentry","category-noticias","tag-blog-com-mais-visualizacoes","tag-blog-do-edvaldo-magalhaes","tag-blog-mais-acessado","tag-caruaru","tag-ministerio-publico-quer-ouvir-a-populacao-para-definir-planejamento"],"_links":{"self":[{"href":"https:\/\/blogdoedvaldomagalhaes.com.br\/index.php\/wp-json\/wp\/v2\/posts\/102131","targetHints":{"allow":["GET"]}}],"collection":[{"href":"https:\/\/blogdoedvaldomagalhaes.com.br\/index.php\/wp-json\/wp\/v2\/posts"}],"about":[{"href":"https:\/\/blogdoedvaldomagalhaes.com.br\/index.php\/wp-json\/wp\/v2\/types\/post"}],"author":[{"embeddable":true,"href":"https:\/\/blogdoedvaldomagalhaes.com.br\/index.php\/wp-json\/wp\/v2\/users\/1"}],"replies":[{"embeddable":true,"href":"https:\/\/blogdoedvaldomagalhaes.com.br\/index.php\/wp-json\/wp\/v2\/comments?post=102131"}],"version-history":[{"count":1,"href":"https:\/\/blogdoedvaldomagalhaes.com.br\/index.php\/wp-json\/wp\/v2\/posts\/102131\/revisions"}],"predecessor-version":[{"id":102133,"href":"https:\/\/blogdoedvaldomagalhaes.com.br\/index.php\/wp-json\/wp\/v2\/posts\/102131\/revisions\/102133"}],"wp:featuredmedia":[{"embeddable":true,"href":"https:\/\/blogdoedvaldomagalhaes.com.br\/index.php\/wp-json\/wp\/v2\/media\/102132"}],"wp:attachment":[{"href":"https:\/\/blogdoedvaldomagalhaes.com.br\/index.php\/wp-json\/wp\/v2\/media?parent=102131"}],"wp:term":[{"taxonomy":"category","embeddable":true,"href":"https:\/\/blogdoedvaldomagalhaes.com.br\/index.php\/wp-json\/wp\/v2\/categories?post=102131"},{"taxonomy":"post_tag","embeddable":true,"href":"https:\/\/blogdoedvaldomagalhaes.com.br\/index.php\/wp-json\/wp\/v2\/tags?post=102131"}],"curies":[{"name":"wp","href":"https:\/\/api.w.org\/{rel}","templated":true}]}}