{"id":102128,"date":"2023-10-23T14:18:50","date_gmt":"2023-10-23T17:18:50","guid":{"rendered":"https:\/\/blogdoedvaldomagalhaes.com.br\/?p=102128"},"modified":"2023-10-23T14:18:51","modified_gmt":"2023-10-23T17:18:51","slug":"guarda-municipal-de-caruaru-conduz-a-delegacia-homem-suspeito-de-roubar-celular","status":"publish","type":"post","link":"https:\/\/blogdoedvaldomagalhaes.com.br\/index.php\/2023\/10\/23\/guarda-municipal-de-caruaru-conduz-a-delegacia-homem-suspeito-de-roubar-celular\/","title":{"rendered":"Guarda Municipal de Caruaru conduz \u00e0 delegacia homem suspeito de roubar celular"},"content":{"rendered":"<p>Na noite desse domingo (22), a Guarda Municipal de Caruaru (GM), estava realizando rondas no centro da cidade, quando recebeu a informa\u00e7\u00e3o que um homem havia roubado um celular de uma mulher. O suspeito foi identificado e abordado na rua Capit\u00e3o Jo\u00e3o Velho.<\/p>\n<p>A GM conduziu o suspeito \u00e0 Delegacia de Plant\u00e3o para as provid\u00eancias cab\u00edveis.<br \/>\nFotos: Divulga\u00e7\u00e3o.<\/p>\n<p>Siga o Instagram do Blog para comentar @blogdoedvaldomagalhaes<br \/>\nSe inscreva no canal do Blog no You Tube<\/p>\n","protected":false},"excerpt":{"rendered":"<p>Na noite desse domingo (22), a Guarda Municipal de Caruaru (GM), estava realizando rondas no centro da cidade, quando recebeu&hellip;<\/p>\n","protected":false},"author":1,"featured_media":102129,"comment_status":"closed","ping_status":"open","sticky":false,"template":"","format":"standard","meta":{"footnotes":""},"categories":[14121],"tags":[28803,2,28801,3406,28921],"class_list":["post-102128","post","type-post","status-publish","format-standard","has-post-thumbnail","hentry","category-policial","tag-blog-com-mais-visualizacoes","tag-blog-do-edvaldo-magalhaes","tag-blog-mais-acessado","tag-caruaru","tag-guarda-municipal-de-caruaru-conduz-a-delegacia-homem-suspeito-de-roubar-celular"],"_links":{"self":[{"href":"https:\/\/blogdoedvaldomagalhaes.com.br\/index.php\/wp-json\/wp\/v2\/posts\/102128","targetHints":{"allow":["GET"]}}],"collection":[{"href":"https:\/\/blogdoedvaldomagalhaes.com.br\/index.php\/wp-json\/wp\/v2\/posts"}],"about":[{"href":"https:\/\/blogdoedvaldomagalhaes.com.br\/index.php\/wp-json\/wp\/v2\/types\/post"}],"author":[{"embeddable":true,"href":"https:\/\/blogdoedvaldomagalhaes.com.br\/index.php\/wp-json\/wp\/v2\/users\/1"}],"replies":[{"embeddable":true,"href":"https:\/\/blogdoedvaldomagalhaes.com.br\/index.php\/wp-json\/wp\/v2\/comments?post=102128"}],"version-history":[{"count":1,"href":"https:\/\/blogdoedvaldomagalhaes.com.br\/index.php\/wp-json\/wp\/v2\/posts\/102128\/revisions"}],"predecessor-version":[{"id":102130,"href":"https:\/\/blogdoedvaldomagalhaes.com.br\/index.php\/wp-json\/wp\/v2\/posts\/102128\/revisions\/102130"}],"wp:featuredmedia":[{"embeddable":true,"href":"https:\/\/blogdoedvaldomagalhaes.com.br\/index.php\/wp-json\/wp\/v2\/media\/102129"}],"wp:attachment":[{"href":"https:\/\/blogdoedvaldomagalhaes.com.br\/index.php\/wp-json\/wp\/v2\/media?parent=102128"}],"wp:term":[{"taxonomy":"category","embeddable":true,"href":"https:\/\/blogdoedvaldomagalhaes.com.br\/index.php\/wp-json\/wp\/v2\/categories?post=102128"},{"taxonomy":"post_tag","embeddable":true,"href":"https:\/\/blogdoedvaldomagalhaes.com.br\/index.php\/wp-json\/wp\/v2\/tags?post=102128"}],"curies":[{"name":"wp","href":"https:\/\/api.w.org\/{rel}","templated":true}]}}