{"id":102122,"date":"2023-10-22T21:48:46","date_gmt":"2023-10-23T00:48:46","guid":{"rendered":"https:\/\/blogdoedvaldomagalhaes.com.br\/?p=102122"},"modified":"2023-10-22T21:48:47","modified_gmt":"2023-10-23T00:48:47","slug":"vereador-cabo-cardoso-se-reune-com-o-deputado-federal-coronel-meira-em-caruaru","status":"publish","type":"post","link":"https:\/\/blogdoedvaldomagalhaes.com.br\/index.php\/2023\/10\/22\/vereador-cabo-cardoso-se-reune-com-o-deputado-federal-coronel-meira-em-caruaru\/","title":{"rendered":"Vereador Cabo Cardoso se re\u00fane com o Deputado Federal Coronel Meira, em Caruaru"},"content":{"rendered":"<p>O vereador Cabo Cardoso se reuniu neste domingo (22.10), com o Deputado Federal Coronel Meira, em pauta melhorias para a popula\u00e7\u00e3o de Caruaru e Regi\u00e3o. Entre os dois parlamentares, que s\u00e3o militares, foi discutido tamb\u00e9m a constru\u00e7\u00e3o do col\u00e9gio da pol\u00edcia militar entre outras pautas no \u00e2mbito militar, visando melhorias para a fam\u00edlia policial e bombeiro militar. Foto: Divulga\u00e7\u00e3o. Siga o Instagram do Blog para comentar @blogdoedvaldomagalhaes<\/p>\n","protected":false},"excerpt":{"rendered":"<p>O vereador Cabo Cardoso se reuniu neste domingo (22.10), com o Deputado Federal Coronel Meira, em pauta melhorias para a&hellip;<\/p>\n","protected":false},"author":1,"featured_media":102123,"comment_status":"closed","ping_status":"open","sticky":false,"template":"","format":"standard","meta":{"footnotes":""},"categories":[14122],"tags":[28803,2,28801],"class_list":["post-102122","post","type-post","status-publish","format-standard","has-post-thumbnail","hentry","category-politica","tag-blog-com-mais-visualizacoes","tag-blog-do-edvaldo-magalhaes","tag-blog-mais-acessado"],"_links":{"self":[{"href":"https:\/\/blogdoedvaldomagalhaes.com.br\/index.php\/wp-json\/wp\/v2\/posts\/102122","targetHints":{"allow":["GET"]}}],"collection":[{"href":"https:\/\/blogdoedvaldomagalhaes.com.br\/index.php\/wp-json\/wp\/v2\/posts"}],"about":[{"href":"https:\/\/blogdoedvaldomagalhaes.com.br\/index.php\/wp-json\/wp\/v2\/types\/post"}],"author":[{"embeddable":true,"href":"https:\/\/blogdoedvaldomagalhaes.com.br\/index.php\/wp-json\/wp\/v2\/users\/1"}],"replies":[{"embeddable":true,"href":"https:\/\/blogdoedvaldomagalhaes.com.br\/index.php\/wp-json\/wp\/v2\/comments?post=102122"}],"version-history":[{"count":1,"href":"https:\/\/blogdoedvaldomagalhaes.com.br\/index.php\/wp-json\/wp\/v2\/posts\/102122\/revisions"}],"predecessor-version":[{"id":102124,"href":"https:\/\/blogdoedvaldomagalhaes.com.br\/index.php\/wp-json\/wp\/v2\/posts\/102122\/revisions\/102124"}],"wp:featuredmedia":[{"embeddable":true,"href":"https:\/\/blogdoedvaldomagalhaes.com.br\/index.php\/wp-json\/wp\/v2\/media\/102123"}],"wp:attachment":[{"href":"https:\/\/blogdoedvaldomagalhaes.com.br\/index.php\/wp-json\/wp\/v2\/media?parent=102122"}],"wp:term":[{"taxonomy":"category","embeddable":true,"href":"https:\/\/blogdoedvaldomagalhaes.com.br\/index.php\/wp-json\/wp\/v2\/categories?post=102122"},{"taxonomy":"post_tag","embeddable":true,"href":"https:\/\/blogdoedvaldomagalhaes.com.br\/index.php\/wp-json\/wp\/v2\/tags?post=102122"}],"curies":[{"name":"wp","href":"https:\/\/api.w.org\/{rel}","templated":true}]}}