{"id":102104,"date":"2023-10-21T23:13:10","date_gmt":"2023-10-22T02:13:10","guid":{"rendered":"https:\/\/blogdoedvaldomagalhaes.com.br\/?p=102104"},"modified":"2023-10-21T23:49:14","modified_gmt":"2023-10-22T02:49:14","slug":"bombeiros-civis-sao-homenageados-pelo-vereador-mano-do-som","status":"publish","type":"post","link":"https:\/\/blogdoedvaldomagalhaes.com.br\/index.php\/2023\/10\/21\/bombeiros-civis-sao-homenageados-pelo-vereador-mano-do-som\/","title":{"rendered":"Bombeiros civis s\u00e3o homenageados pelo vereador Mano do Som"},"content":{"rendered":"<p>O Poder Legislativo de Caruaru agraciou tr\u00eas bombeiros civis em solenidade, na noite desta quarta-feira (18). Jo\u00e3o Tonildo Gomes da Silva Filho, Edvan Jos\u00e9 da Silva e Wellington Xavier da Silva receberam a medalha \u201cJos\u00e9 Rodrigues de Jesus\u201d pelas m\u00e3os do vereador Mano do Som (Uni\u00e3o). A classe de bombeiros de Caruaru esteve presente na ocasi\u00e3o para reconhecer o digno trabalho realizado pelos homenageados.<\/p>\n<p>Jo\u00e3o Tonildo \u2013 popularmente conhecido como Batista \u2013, Edvan Jos\u00e9  e Wellington Xavier tiveram seus feitos lembrados no discurso de Mano. A ex\u00edmia atua\u00e7\u00e3o dos profissionais foi mencionada pelo vereador, que pontuou a import\u00e2ncia da classe para garantir uma cidade segura. \u201cApesar de todos os riscos, o bombeiro civil est\u00e1 sempre preparado para prestar o socorro imediato e salvar vidas\u201d, afirmou.<\/p>\n<p>Na ocasi\u00e3o, os homenageados discursaram sobre a necessidade de uni\u00e3o da classe em busca de mais capacita\u00e7\u00e3o e melhor qualidade de trabalho. \u201cSomos uma profiss\u00e3o que precisa ser cada vez mais valorizada, porque estamos lidando com vidas e patrim\u00f4nio\u201d, pontuou Wellington. O papel do vereador Mano em prol dos bombeiros do munic\u00edpio foi parabenizado pelos tr\u00eas profissionais. \u201cCom essa luta di\u00e1ria em benef\u00edcio da nossa classe, Caruaru ser\u00e1 refer\u00eancia para outros munic\u00edpios\u201d, complementou Edvan.<br \/>\nFoto: Vladimir Barreto.<br \/>\nSiga o Instagram do Blog @blogdoedvaldomagalhaes<br \/>\nSe inscreva no canal do Blog no You Tube<\/p>\n","protected":false},"excerpt":{"rendered":"<p>O Poder Legislativo de Caruaru agraciou tr\u00eas bombeiros civis em solenidade, na noite desta quarta-feira (18). Jo\u00e3o Tonildo Gomes da&hellip;<\/p>\n","protected":false},"author":1,"featured_media":102105,"comment_status":"closed","ping_status":"open","sticky":false,"template":"","format":"standard","meta":{"footnotes":""},"categories":[14122],"tags":[28803,2,28801,28919,3406,20],"class_list":["post-102104","post","type-post","status-publish","format-standard","has-post-thumbnail","hentry","category-politica","tag-blog-com-mais-visualizacoes","tag-blog-do-edvaldo-magalhaes","tag-blog-mais-acessado","tag-bombeiros-civis-sao-homenageados-pelo-vereador-mano-do-som","tag-caruaru","tag-politica"],"_links":{"self":[{"href":"https:\/\/blogdoedvaldomagalhaes.com.br\/index.php\/wp-json\/wp\/v2\/posts\/102104","targetHints":{"allow":["GET"]}}],"collection":[{"href":"https:\/\/blogdoedvaldomagalhaes.com.br\/index.php\/wp-json\/wp\/v2\/posts"}],"about":[{"href":"https:\/\/blogdoedvaldomagalhaes.com.br\/index.php\/wp-json\/wp\/v2\/types\/post"}],"author":[{"embeddable":true,"href":"https:\/\/blogdoedvaldomagalhaes.com.br\/index.php\/wp-json\/wp\/v2\/users\/1"}],"replies":[{"embeddable":true,"href":"https:\/\/blogdoedvaldomagalhaes.com.br\/index.php\/wp-json\/wp\/v2\/comments?post=102104"}],"version-history":[{"count":2,"href":"https:\/\/blogdoedvaldomagalhaes.com.br\/index.php\/wp-json\/wp\/v2\/posts\/102104\/revisions"}],"predecessor-version":[{"id":102107,"href":"https:\/\/blogdoedvaldomagalhaes.com.br\/index.php\/wp-json\/wp\/v2\/posts\/102104\/revisions\/102107"}],"wp:featuredmedia":[{"embeddable":true,"href":"https:\/\/blogdoedvaldomagalhaes.com.br\/index.php\/wp-json\/wp\/v2\/media\/102105"}],"wp:attachment":[{"href":"https:\/\/blogdoedvaldomagalhaes.com.br\/index.php\/wp-json\/wp\/v2\/media?parent=102104"}],"wp:term":[{"taxonomy":"category","embeddable":true,"href":"https:\/\/blogdoedvaldomagalhaes.com.br\/index.php\/wp-json\/wp\/v2\/categories?post=102104"},{"taxonomy":"post_tag","embeddable":true,"href":"https:\/\/blogdoedvaldomagalhaes.com.br\/index.php\/wp-json\/wp\/v2\/tags?post=102104"}],"curies":[{"name":"wp","href":"https:\/\/api.w.org\/{rel}","templated":true}]}}