{"id":102094,"date":"2023-10-21T20:23:17","date_gmt":"2023-10-21T23:23:17","guid":{"rendered":"https:\/\/blogdoedvaldomagalhaes.com.br\/?p=102094"},"modified":"2023-10-21T20:23:18","modified_gmt":"2023-10-21T23:23:18","slug":"prefeitura-de-caruaru-realizara-manha-inclusiva-para-criancas-com-deficiencia","status":"publish","type":"post","link":"https:\/\/blogdoedvaldomagalhaes.com.br\/index.php\/2023\/10\/21\/prefeitura-de-caruaru-realizara-manha-inclusiva-para-criancas-com-deficiencia\/","title":{"rendered":"Prefeitura de Caruaru realizar\u00e1 manh\u00e3 inclusiva para crian\u00e7as com defici\u00eancia"},"content":{"rendered":"<p>A Prefeitura de Caruaru, por meio da Secretaria de Desenvolvimento Social e Direitos Humanos e do Servi\u00e7o de Inclus\u00e3o Social para Pessoa com Defici\u00eancia (SISPD), realizar\u00e1 no dia 27 uma manh\u00e3 de a\u00e7\u00f5es para as crian\u00e7as com defici\u00eancia do munic\u00edpio.<\/p>\n<p>O evento acontecer\u00e1 a partir das 9h, no Parque Ambientalista Severino Montenegro e contar\u00e1 com brincadeiras, dan\u00e7a, intera\u00e7\u00e3o e lanches. A atividade \u00e9 em alus\u00e3o ao m\u00eas das crian\u00e7as.<\/p>\n<p>Para participar, \u00e9 necess\u00e1rio se inscrever por meio do link: https:\/\/forms.gle\/mHXxXJjKLyQsUmMq8 at\u00e9 o 25 de outubro, informando: o nome da crian\u00e7a, data de nascimento, tipo de defici\u00eancia e CID, nome do acompanhante e telefone para contato. Est\u00e3o sendo disponibilizadas 30 vagas.<\/p>\n<p>Outras informa\u00e7\u00f5es podem ser obtidas por meio do telefone do SISPD, (81) 98384-5652, de segunda a sexta-feira, das 8h \u00e0s 17h.<br \/>\nSiga o Instagram do Blog para comentar @blogdoedvaldomagalhaes<br \/>\nSe inscreva no canal do Blog no You Tube<\/p>\n","protected":false},"excerpt":{"rendered":"<p>A Prefeitura de Caruaru, por meio da Secretaria de Desenvolvimento Social e Direitos Humanos e do Servi\u00e7o de Inclus\u00e3o Social&hellip;<\/p>\n","protected":false},"author":1,"featured_media":102095,"comment_status":"closed","ping_status":"open","sticky":false,"template":"","format":"standard","meta":{"footnotes":""},"categories":[14120],"tags":[28803,2,28801,3406,28916],"class_list":["post-102094","post","type-post","status-publish","format-standard","has-post-thumbnail","hentry","category-noticias","tag-blog-com-mais-visualizacoes","tag-blog-do-edvaldo-magalhaes","tag-blog-mais-acessado","tag-caruaru","tag-prefeitura-de-caruaru-realizara-manha-inclusiva-para-criancas-com-deficiencia"],"_links":{"self":[{"href":"https:\/\/blogdoedvaldomagalhaes.com.br\/index.php\/wp-json\/wp\/v2\/posts\/102094","targetHints":{"allow":["GET"]}}],"collection":[{"href":"https:\/\/blogdoedvaldomagalhaes.com.br\/index.php\/wp-json\/wp\/v2\/posts"}],"about":[{"href":"https:\/\/blogdoedvaldomagalhaes.com.br\/index.php\/wp-json\/wp\/v2\/types\/post"}],"author":[{"embeddable":true,"href":"https:\/\/blogdoedvaldomagalhaes.com.br\/index.php\/wp-json\/wp\/v2\/users\/1"}],"replies":[{"embeddable":true,"href":"https:\/\/blogdoedvaldomagalhaes.com.br\/index.php\/wp-json\/wp\/v2\/comments?post=102094"}],"version-history":[{"count":1,"href":"https:\/\/blogdoedvaldomagalhaes.com.br\/index.php\/wp-json\/wp\/v2\/posts\/102094\/revisions"}],"predecessor-version":[{"id":102096,"href":"https:\/\/blogdoedvaldomagalhaes.com.br\/index.php\/wp-json\/wp\/v2\/posts\/102094\/revisions\/102096"}],"wp:featuredmedia":[{"embeddable":true,"href":"https:\/\/blogdoedvaldomagalhaes.com.br\/index.php\/wp-json\/wp\/v2\/media\/102095"}],"wp:attachment":[{"href":"https:\/\/blogdoedvaldomagalhaes.com.br\/index.php\/wp-json\/wp\/v2\/media?parent=102094"}],"wp:term":[{"taxonomy":"category","embeddable":true,"href":"https:\/\/blogdoedvaldomagalhaes.com.br\/index.php\/wp-json\/wp\/v2\/categories?post=102094"},{"taxonomy":"post_tag","embeddable":true,"href":"https:\/\/blogdoedvaldomagalhaes.com.br\/index.php\/wp-json\/wp\/v2\/tags?post=102094"}],"curies":[{"name":"wp","href":"https:\/\/api.w.org\/{rel}","templated":true}]}}