{"id":102091,"date":"2023-10-21T15:04:07","date_gmt":"2023-10-21T18:04:07","guid":{"rendered":"https:\/\/blogdoedvaldomagalhaes.com.br\/?p=102091"},"modified":"2023-10-21T15:04:08","modified_gmt":"2023-10-21T18:04:08","slug":"suspeitos-de-roubo-a-loja-de-perfumes-sao-detidos-pela-prf","status":"publish","type":"post","link":"https:\/\/blogdoedvaldomagalhaes.com.br\/index.php\/2023\/10\/21\/suspeitos-de-roubo-a-loja-de-perfumes-sao-detidos-pela-prf\/","title":{"rendered":"Suspeitos de roubo a loja de perfumes s\u00e3o detidos pela PRF"},"content":{"rendered":"<p>Tr\u00eas homens suspeitos de participarem do roubo a uma loja de perfumes em Moreno,  no Grande Recife, foram detidos, neste s\u00e1bado (21), pela Pol\u00edcia Rodovi\u00e1ria Federal (PRF), na BR 101, no Curado, na Zona Oeste. O carro utilizado pelo trio possu\u00eda registro de roubo na quarta-feira (18), na capital.<\/p>\n<p>Ap\u00f3s receberem informa\u00e7\u00f5es da Central 191 da PRF sobre um carro roubado, policiais conseguiram abordar o ve\u00edculo pr\u00f3ximo \u00e0 Delegacia do \u00f3rg\u00e3o no Recife. Em consulta, a equipe constatou o registro de roubo. No interior do autom\u00f3vel foram apreendidos uma r\u00e9plica de  pistola, uma faca e 30 perfumes, que haviam sido roubados de uma loja no mesmo dia.<\/p>\n<p>Os homens foram encaminhados \u00e0 Central de Plant\u00f5es da Capital, em Campo Grande, na Zona Norte. As v\u00edtimas foram ao local e reconheceram um dos passageiros, que teria participado do assalto.<br \/>\nFoto: Divulga\u00e7\u00e3o\/PRF.<br \/>\nSiga o Instagram do Blog @blogdoedvaldomagalhaes<br \/>\nSe inscreva no canal do Blog no You Tube<\/p>\n","protected":false},"excerpt":{"rendered":"<p>Tr\u00eas homens suspeitos de participarem do roubo a uma loja de perfumes em Moreno, no Grande Recife, foram detidos, neste&hellip;<\/p>\n","protected":false},"author":1,"featured_media":102092,"comment_status":"closed","ping_status":"open","sticky":false,"template":"","format":"standard","meta":{"footnotes":""},"categories":[14121],"tags":[28803,2,28801,3406,28915],"class_list":["post-102091","post","type-post","status-publish","format-standard","has-post-thumbnail","hentry","category-policial","tag-blog-com-mais-visualizacoes","tag-blog-do-edvaldo-magalhaes","tag-blog-mais-acessado","tag-caruaru","tag-suspeitos-de-roubo-a-loja-de-perfumes-sao-detidos-pela-prf"],"_links":{"self":[{"href":"https:\/\/blogdoedvaldomagalhaes.com.br\/index.php\/wp-json\/wp\/v2\/posts\/102091","targetHints":{"allow":["GET"]}}],"collection":[{"href":"https:\/\/blogdoedvaldomagalhaes.com.br\/index.php\/wp-json\/wp\/v2\/posts"}],"about":[{"href":"https:\/\/blogdoedvaldomagalhaes.com.br\/index.php\/wp-json\/wp\/v2\/types\/post"}],"author":[{"embeddable":true,"href":"https:\/\/blogdoedvaldomagalhaes.com.br\/index.php\/wp-json\/wp\/v2\/users\/1"}],"replies":[{"embeddable":true,"href":"https:\/\/blogdoedvaldomagalhaes.com.br\/index.php\/wp-json\/wp\/v2\/comments?post=102091"}],"version-history":[{"count":1,"href":"https:\/\/blogdoedvaldomagalhaes.com.br\/index.php\/wp-json\/wp\/v2\/posts\/102091\/revisions"}],"predecessor-version":[{"id":102093,"href":"https:\/\/blogdoedvaldomagalhaes.com.br\/index.php\/wp-json\/wp\/v2\/posts\/102091\/revisions\/102093"}],"wp:featuredmedia":[{"embeddable":true,"href":"https:\/\/blogdoedvaldomagalhaes.com.br\/index.php\/wp-json\/wp\/v2\/media\/102092"}],"wp:attachment":[{"href":"https:\/\/blogdoedvaldomagalhaes.com.br\/index.php\/wp-json\/wp\/v2\/media?parent=102091"}],"wp:term":[{"taxonomy":"category","embeddable":true,"href":"https:\/\/blogdoedvaldomagalhaes.com.br\/index.php\/wp-json\/wp\/v2\/categories?post=102091"},{"taxonomy":"post_tag","embeddable":true,"href":"https:\/\/blogdoedvaldomagalhaes.com.br\/index.php\/wp-json\/wp\/v2\/tags?post=102091"}],"curies":[{"name":"wp","href":"https:\/\/api.w.org\/{rel}","templated":true}]}}