{"id":102088,"date":"2023-10-21T12:44:42","date_gmt":"2023-10-21T15:44:42","guid":{"rendered":"https:\/\/blogdoedvaldomagalhaes.com.br\/?p=102088"},"modified":"2023-10-21T12:44:43","modified_gmt":"2023-10-21T15:44:43","slug":"semana-do-bebe-sera-celebrada-com-acoes-em-caruaru-confira","status":"publish","type":"post","link":"https:\/\/blogdoedvaldomagalhaes.com.br\/index.php\/2023\/10\/21\/semana-do-bebe-sera-celebrada-com-acoes-em-caruaru-confira\/","title":{"rendered":"Semana do Beb\u00ea ser\u00e1 celebrada com a\u00e7\u00f5es em Caruaru; Confira"},"content":{"rendered":"<p>As Secretarias de Desenvolvimento Social e Direitos Humanos, de Sa\u00fade, de Pol\u00edtica para Mulheres, de Educa\u00e7\u00e3o e Esportes, de Planejamento e Gest\u00e3o e do Conselho Municipal de Direitos da Crian\u00e7a e do Adolescente, ir\u00e1 realizar dos dias 23 a 27 a Semana do Beb\u00ea. Durante os cinco dias de evento, ser\u00e3o ofertadas a\u00e7\u00f5es para gestantes, crian\u00e7as at\u00e9 6 anos de idade e suas fam\u00edlias.<\/p>\n<p>A Semana do Beb\u00ea \u00e9 uma das principais estrat\u00e9gias do Fundo das Na\u00e7\u00f5es Unidas para a Inf\u00e2ncia (UNICEF) para assegurar a aten\u00e7\u00e3o adequada a crian\u00e7as de at\u00e9 6 anos de idade, tendo como objetivo tornar o direito \u00e0 sobreviv\u00eancia e ao desenvolvimento infantil uma prioridade na agenda dos munic\u00edpios brasileiros.<\/p>\n<p>A cada edi\u00e7\u00e3o ocorrem discuss\u00f5es sobre temas como mortalidade infantil, aleitamento materno, gravidez na adolesc\u00eancia, forma\u00e7\u00e3o de v\u00ednculo e estimula\u00e7\u00e3o do beb\u00ea, por meio da organiza\u00e7\u00e3o de oficinas, atividades l\u00fadicas e culturais.<\/p>\n<p>\u201cOs seis primeiros anos de vida, conhecida como primeira inf\u00e2ncia, s\u00e3o fundamentais para o desenvolvimento integral de meninas e meninos. Por isso, o munic\u00edpio tem dado prioridade, em suas a\u00e7\u00f5es, ao direito de cada crian\u00e7a a sobreviver e se desenvolver. Est\u00e1 comprovado cientificamente que \u00e9 na primeira inf\u00e2ncia que os pequenos desenvolvem grande parte do potencial mental que ter\u00e1 quando adulto\u201d, explicou a secret\u00e1ria de Desenvolvimento Social e Direitos Humanos, Dayse Silva.<\/p>\n<p>*Confira a programa\u00e7\u00e3o:*<\/p>\n<p>Evento: abertura da Semana do Beb\u00ea<br \/>\nData: 23\/10<br \/>\nHor\u00e1rio: 15h<br \/>\nLocal: Monte Bom Jesus<br \/>\nAtividades: Recep\u00e7\u00e3o com Arte educadores (perna de pau, malabarista); Zumbinha para m\u00e3es e beb\u00eas; Auriculoterapia; Ventosaterapia; Oficina de Xilogravura e Conta\u00e7\u00e3o de hist\u00f3ria.<\/p>\n<p>Evento: entrega do t\u00edtulo de beb\u00ea prefeito<br \/>\nData: 24\/10<br \/>\nHor\u00e1rio: 7h30<br \/>\nLocal: Maternidade Municipal Santa Dulce dos Pobres.<\/p>\n<p>A Chave simb\u00f3lica da cidade ser\u00e1 entregue ao primeiro beb\u00ea que nascer a partir da 0 hora do dia 23 de outubro na Maternidade Municipal Santa Dulce dos Pobres. Para isso, a m\u00e3e deve ter mais de 20 anos, ter feito pelo menos sete consultas no pr\u00e9-natal e ter tido o beb\u00ea, preferencialmente, por parto normal e estar amamentando. A crian\u00e7a tamb\u00e9m precisa ser registrada ainda na maternidade.  Al\u00e9m da chave, o beb\u00ea receber\u00e1 o t\u00edtulo de Beb\u00ea Prefeito e um kit enxoval, pelas m\u00e3os do Prefeito Rodrigo Pinheiro.<\/p>\n<p>Evento: atividades nos Centros Municipais de Educa\u00e7\u00e3o Infantil &#8211; CMEI\u2019S<br \/>\nData: 23 a 27 de outubro<br \/>\nHor\u00e1rio: Durante todo o dia<br \/>\nLocal: CMEI\u2019s<br \/>\nP\u00fablico: Crian\u00e7as matriculadas e suas fam\u00edlias<\/p>\n<p>Evento: atividades nos Centros de Refer\u00eancia de Assist\u00eancia Social &#8211; CRAS<br \/>\nData: 23 a 27 de outubro<br \/>\nHor\u00e1rio: Durante todo o dia<br \/>\nLocal: CRAS<\/p>\n<p>Evento: atividades nas Unidades de Sa\u00fade de Fam\u00edlia \u2013 USF\u2019s<br \/>\nData: 23 a 27 de outubro<br \/>\nHor\u00e1rio: Durante todo o dia<br \/>\nLocal: USF\u2019s<\/p>\n<p>Evento: atividades na maternidade municipal Santa Dulce dos Pobres<br \/>\nData: 23 a 27 de outubro<br \/>\nHor\u00e1rio: Durante todo o dia<br \/>\nLocal: Maternidade Santa Dulce dos Pobres<\/p>\n<p>Evento: noite de ninar<br \/>\nData: 27\/10<br \/>\nHor\u00e1rio: 18h<br \/>\nLocal: CEMEI Justina de Freitas<br \/>\nP\u00fablico: Crian\u00e7as matriculadas no referido CEMEI e suas fam\u00edlias.<br \/>\nSiga o Instagram do Blog para comentar @blogdoedvaldomagalhaes<br \/>\nSe inscreva no canal do Blog no You Tube<\/p>\n","protected":false},"excerpt":{"rendered":"<p>As Secretarias de Desenvolvimento Social e Direitos Humanos, de Sa\u00fade, de Pol\u00edtica para Mulheres, de Educa\u00e7\u00e3o e Esportes, de Planejamento&hellip;<\/p>\n","protected":false},"author":1,"featured_media":102089,"comment_status":"closed","ping_status":"open","sticky":false,"template":"","format":"standard","meta":{"footnotes":""},"categories":[14120],"tags":[28803,2,28801,3406,28914],"class_list":["post-102088","post","type-post","status-publish","format-standard","has-post-thumbnail","hentry","category-noticias","tag-blog-com-mais-visualizacoes","tag-blog-do-edvaldo-magalhaes","tag-blog-mais-acessado","tag-caruaru","tag-semana-do-bebe-sera-celebrada-com-acoes-em-caruaru-confira"],"_links":{"self":[{"href":"https:\/\/blogdoedvaldomagalhaes.com.br\/index.php\/wp-json\/wp\/v2\/posts\/102088","targetHints":{"allow":["GET"]}}],"collection":[{"href":"https:\/\/blogdoedvaldomagalhaes.com.br\/index.php\/wp-json\/wp\/v2\/posts"}],"about":[{"href":"https:\/\/blogdoedvaldomagalhaes.com.br\/index.php\/wp-json\/wp\/v2\/types\/post"}],"author":[{"embeddable":true,"href":"https:\/\/blogdoedvaldomagalhaes.com.br\/index.php\/wp-json\/wp\/v2\/users\/1"}],"replies":[{"embeddable":true,"href":"https:\/\/blogdoedvaldomagalhaes.com.br\/index.php\/wp-json\/wp\/v2\/comments?post=102088"}],"version-history":[{"count":1,"href":"https:\/\/blogdoedvaldomagalhaes.com.br\/index.php\/wp-json\/wp\/v2\/posts\/102088\/revisions"}],"predecessor-version":[{"id":102090,"href":"https:\/\/blogdoedvaldomagalhaes.com.br\/index.php\/wp-json\/wp\/v2\/posts\/102088\/revisions\/102090"}],"wp:featuredmedia":[{"embeddable":true,"href":"https:\/\/blogdoedvaldomagalhaes.com.br\/index.php\/wp-json\/wp\/v2\/media\/102089"}],"wp:attachment":[{"href":"https:\/\/blogdoedvaldomagalhaes.com.br\/index.php\/wp-json\/wp\/v2\/media?parent=102088"}],"wp:term":[{"taxonomy":"category","embeddable":true,"href":"https:\/\/blogdoedvaldomagalhaes.com.br\/index.php\/wp-json\/wp\/v2\/categories?post=102088"},{"taxonomy":"post_tag","embeddable":true,"href":"https:\/\/blogdoedvaldomagalhaes.com.br\/index.php\/wp-json\/wp\/v2\/tags?post=102088"}],"curies":[{"name":"wp","href":"https:\/\/api.w.org\/{rel}","templated":true}]}}