{"id":102085,"date":"2023-10-21T12:37:18","date_gmt":"2023-10-21T15:37:18","guid":{"rendered":"https:\/\/blogdoedvaldomagalhaes.com.br\/?p=102085"},"modified":"2023-10-21T12:37:19","modified_gmt":"2023-10-21T15:37:19","slug":"ceaca-sedia-capacitacao-de-combate-a-incendios-e-primeiros-socorros","status":"publish","type":"post","link":"https:\/\/blogdoedvaldomagalhaes.com.br\/index.php\/2023\/10\/21\/ceaca-sedia-capacitacao-de-combate-a-incendios-e-primeiros-socorros\/","title":{"rendered":"Ceaca sedia capacita\u00e7\u00e3o de combate a inc\u00eandios e primeiros socorros"},"content":{"rendered":"<p>Uma capacita\u00e7\u00e3o de combate a inc\u00eandios e primeiros socorros est\u00e1 sendo realizada pela Prefeitura de Caruaru, por meio da Central de Abastecimento (Ceaca), em parceria com a Secretaria de Ordem P\u00fablica (Secop). O minicurso \u00e9 direcionado aos servidores dos setores operacional e administrativo da Ceaca.<\/p>\n<p>A capacita\u00e7\u00e3o \u00e9 orientada por uma equipe do Bombeiro Civil e acontece em duas sextas-feiras (20 e 27 de outubro), no audit\u00f3rio Jo\u00e3o Lyra Neto (Ceaca), das 7h30 \u00e0s 11h30. De acordo com o presidente da Ceaca, Gilvan Calado, o evento d\u00e1 continuidade \u00e0s diversas melhorias que buscam seguran\u00e7a dentro da Central de Abastecimento.<\/p>\n<p>\u201cA Ceaca, juntamente com a Secop, vem buscando cada vez mais a seguran\u00e7a, n\u00e3o s\u00f3 do nosso colaborador, como tamb\u00e9m dos comerciantes e compradores  que frequentam o local para que eles possam ter um ambiente seguro e que, caso aconte\u00e7a alguma anormalidade, os nossos servidores estejam preparados tanto no caso de inc\u00eandio como de primeiros socorros\u201d, avaliou Gilvan.<br \/>\nFoto: Divulga\u00e7\u00e3o.<br \/>\nSiga o Instagram do Blog @blogdoedvaldomagalhaes<br \/>\nSe inscreva no canal do Blog no You Tube<\/p>\n","protected":false},"excerpt":{"rendered":"<p>Uma capacita\u00e7\u00e3o de combate a inc\u00eandios e primeiros socorros est\u00e1 sendo realizada pela Prefeitura de Caruaru, por meio da Central&hellip;<\/p>\n","protected":false},"author":1,"featured_media":102086,"comment_status":"closed","ping_status":"open","sticky":false,"template":"","format":"standard","meta":{"footnotes":""},"categories":[14120],"tags":[28803,2,28801,3406,28913],"class_list":["post-102085","post","type-post","status-publish","format-standard","has-post-thumbnail","hentry","category-noticias","tag-blog-com-mais-visualizacoes","tag-blog-do-edvaldo-magalhaes","tag-blog-mais-acessado","tag-caruaru","tag-ceaca-sedia-capacitacao-de-combate-a-incendios-e-primeiros-socorros"],"_links":{"self":[{"href":"https:\/\/blogdoedvaldomagalhaes.com.br\/index.php\/wp-json\/wp\/v2\/posts\/102085","targetHints":{"allow":["GET"]}}],"collection":[{"href":"https:\/\/blogdoedvaldomagalhaes.com.br\/index.php\/wp-json\/wp\/v2\/posts"}],"about":[{"href":"https:\/\/blogdoedvaldomagalhaes.com.br\/index.php\/wp-json\/wp\/v2\/types\/post"}],"author":[{"embeddable":true,"href":"https:\/\/blogdoedvaldomagalhaes.com.br\/index.php\/wp-json\/wp\/v2\/users\/1"}],"replies":[{"embeddable":true,"href":"https:\/\/blogdoedvaldomagalhaes.com.br\/index.php\/wp-json\/wp\/v2\/comments?post=102085"}],"version-history":[{"count":1,"href":"https:\/\/blogdoedvaldomagalhaes.com.br\/index.php\/wp-json\/wp\/v2\/posts\/102085\/revisions"}],"predecessor-version":[{"id":102087,"href":"https:\/\/blogdoedvaldomagalhaes.com.br\/index.php\/wp-json\/wp\/v2\/posts\/102085\/revisions\/102087"}],"wp:featuredmedia":[{"embeddable":true,"href":"https:\/\/blogdoedvaldomagalhaes.com.br\/index.php\/wp-json\/wp\/v2\/media\/102086"}],"wp:attachment":[{"href":"https:\/\/blogdoedvaldomagalhaes.com.br\/index.php\/wp-json\/wp\/v2\/media?parent=102085"}],"wp:term":[{"taxonomy":"category","embeddable":true,"href":"https:\/\/blogdoedvaldomagalhaes.com.br\/index.php\/wp-json\/wp\/v2\/categories?post=102085"},{"taxonomy":"post_tag","embeddable":true,"href":"https:\/\/blogdoedvaldomagalhaes.com.br\/index.php\/wp-json\/wp\/v2\/tags?post=102085"}],"curies":[{"name":"wp","href":"https:\/\/api.w.org\/{rel}","templated":true}]}}