{"id":102081,"date":"2023-10-21T08:27:10","date_gmt":"2023-10-21T11:27:10","guid":{"rendered":"https:\/\/blogdoedvaldomagalhaes.com.br\/?p=102081"},"modified":"2023-10-21T08:27:11","modified_gmt":"2023-10-21T11:27:11","slug":"2o-motofest-e-o-18o-encontro-pernambucano-de-veiculos-antigos-acontece-em-gravata","status":"publish","type":"post","link":"https:\/\/blogdoedvaldomagalhaes.com.br\/index.php\/2023\/10\/21\/2o-motofest-e-o-18o-encontro-pernambucano-de-veiculos-antigos-acontece-em-gravata\/","title":{"rendered":"2\u00ba Motofest e o 18\u00ba Encontro Pernambucano de Ve\u00edculos Antigos acontece em Gravat\u00e1"},"content":{"rendered":"<p>At\u00e9 este domingo (21.10), cidade de Gravat\u00e1 sedia o 2\u00ba Motofest e o 18\u00ba Encontro Pernambucano de Ve\u00edculos Antigos. Munic\u00edpio \u00e9 considerado a capital do antigomobilismo no Nordeste<br \/>\nMotociclistas e colecionadores de carros antigos t\u00eam Gravat\u00e1 como destino certo neste fim de semana. Eles sobem a serra para participar de dois eventos que prometem movimentar a cadeia tur\u00edstica da cidade at\u00e9 o domingo: 2\u00ba Motofest Gravat\u00e1 e o XVIII Encontro de Ve\u00edculos Antigos de Pernambuco.<br \/>\nO primeiro tem expectativa de reunir 15 mil pessoas por dia e inclui passeio tur\u00edstico de motocicletas saindo do P\u00e1tio de Eventos de Gravat\u00e1 em dire\u00e7\u00e3o ao Alto do Cruzeiro, neste s\u00e1bado (21.10), \u00e0s 10h, al\u00e9m de shows \u00e0 tarde e noite. Foram escaladas 10 bandas, a exemplo de Alfayates, Incognit, Rebel Faces, Vegas Livre e The Bad Jets.<\/p>\n<p>O evento entregar\u00e1 trof\u00e9us e promover\u00e1 almo\u00e7o festivo, neste s\u00e1bado, com direito a uma bela feijoada. As atividades s\u00e3o abertas ao p\u00fablico.<\/p>\n<p>Participantes de motoclubes, ao fazerem a inscri\u00e7\u00e3o, doam um quilo de alimento n\u00e3o perec\u00edvel. Tudo o que for arrecadado ser\u00e1 doado para o Abrigo de Idosos de Mandacaru, distrito do munic\u00edpio. Em 2022, quase meia tonelada de produtos foram doados.<\/p>\n<p>Com 18 edi\u00e7\u00f5es no curr\u00edculo, o Encontro Pernambucano de Ve\u00edculos Antigos re\u00fane apaixonados do automobilismo do Norte e Nordeste do Brasil no hotel-fazenda Portal de Gravat\u00e1. Aproximadamente 300 carros estar\u00e3o expostos e alguns deles tamb\u00e9m poder\u00e3o ser adquiridos. S\u00e3o ve\u00edculos dos anos 1950 e 1960, entre outras \u00e9pocas, de modelos variados, a exemplo de convers\u00edveis, picapes e exemplares considerados rar\u00edssimos, como a Rural Chap\u00e9u de Couro, de 1968, que preserva bancos em couro bege, na cor original.<\/p>\n<p>Participam colecionadores de Pernambuco, Bahia, Rio Grande do Norte, Para\u00edba e Alagoas.<br \/>\nAt\u00e9 o domingo, ser\u00e3o premiados os modelos mais valiosos, levando em conta o tempo de estrada, conserva\u00e7\u00e3o e qualidade do ve\u00edculo. O Encontro Pernambucano de Ve\u00edculos Antigos \u00e9 promovido pelo Clube do Autom\u00f3vel Antigo de Pernambuco \u2013 Caape\/Gravat\u00e1 e os ingressos custam R$ 15. Crian\u00e7as at\u00e9 12 anos n\u00e3o pagam.<br \/>\nUma curiosidade: Gravat\u00e1 \u00e9 considerada a capital nordestina do antigomobilismo pelo grande n\u00famero de ve\u00edculos conservados na cidade. O clima e a dist\u00e2ncia do mar, em especial, s\u00e3o fatores positivos para guardar os carros raros na regi\u00e3o. Foto: Divulga\u00e7\u00e3o.<\/p>\n<p>Siga o Instagram do Blog @blogdoedvaldomagalhaes<br \/>\nSe inscreva no canal do Blog no You Tube<\/p>\n","protected":false},"excerpt":{"rendered":"<p>At\u00e9 este domingo (21.10), cidade de Gravat\u00e1 sedia o 2\u00ba Motofest e o 18\u00ba Encontro Pernambucano de Ve\u00edculos Antigos. Munic\u00edpio&hellip;<\/p>\n","protected":false},"author":1,"featured_media":102082,"comment_status":"closed","ping_status":"open","sticky":false,"template":"","format":"standard","meta":{"footnotes":""},"categories":[14120],"tags":[28912,28803,2,28801,3406],"class_list":["post-102081","post","type-post","status-publish","format-standard","has-post-thumbnail","hentry","category-noticias","tag-2o-motofest-e-o-18o-encontro-pernambucano-de-veiculos-antigos-acontece-em-gravata","tag-blog-com-mais-visualizacoes","tag-blog-do-edvaldo-magalhaes","tag-blog-mais-acessado","tag-caruaru"],"_links":{"self":[{"href":"https:\/\/blogdoedvaldomagalhaes.com.br\/index.php\/wp-json\/wp\/v2\/posts\/102081","targetHints":{"allow":["GET"]}}],"collection":[{"href":"https:\/\/blogdoedvaldomagalhaes.com.br\/index.php\/wp-json\/wp\/v2\/posts"}],"about":[{"href":"https:\/\/blogdoedvaldomagalhaes.com.br\/index.php\/wp-json\/wp\/v2\/types\/post"}],"author":[{"embeddable":true,"href":"https:\/\/blogdoedvaldomagalhaes.com.br\/index.php\/wp-json\/wp\/v2\/users\/1"}],"replies":[{"embeddable":true,"href":"https:\/\/blogdoedvaldomagalhaes.com.br\/index.php\/wp-json\/wp\/v2\/comments?post=102081"}],"version-history":[{"count":1,"href":"https:\/\/blogdoedvaldomagalhaes.com.br\/index.php\/wp-json\/wp\/v2\/posts\/102081\/revisions"}],"predecessor-version":[{"id":102083,"href":"https:\/\/blogdoedvaldomagalhaes.com.br\/index.php\/wp-json\/wp\/v2\/posts\/102081\/revisions\/102083"}],"wp:featuredmedia":[{"embeddable":true,"href":"https:\/\/blogdoedvaldomagalhaes.com.br\/index.php\/wp-json\/wp\/v2\/media\/102082"}],"wp:attachment":[{"href":"https:\/\/blogdoedvaldomagalhaes.com.br\/index.php\/wp-json\/wp\/v2\/media?parent=102081"}],"wp:term":[{"taxonomy":"category","embeddable":true,"href":"https:\/\/blogdoedvaldomagalhaes.com.br\/index.php\/wp-json\/wp\/v2\/categories?post=102081"},{"taxonomy":"post_tag","embeddable":true,"href":"https:\/\/blogdoedvaldomagalhaes.com.br\/index.php\/wp-json\/wp\/v2\/tags?post=102081"}],"curies":[{"name":"wp","href":"https:\/\/api.w.org\/{rel}","templated":true}]}}