{"id":102078,"date":"2023-10-21T08:14:18","date_gmt":"2023-10-21T11:14:18","guid":{"rendered":"https:\/\/blogdoedvaldomagalhaes.com.br\/?p=102078"},"modified":"2023-10-21T08:14:19","modified_gmt":"2023-10-21T11:14:19","slug":"caruaru-aprova-projeto-de-lei-de-certificacao-da-producao-e-selo-municipal-da-agricultura-familiar","status":"publish","type":"post","link":"https:\/\/blogdoedvaldomagalhaes.com.br\/index.php\/2023\/10\/21\/caruaru-aprova-projeto-de-lei-de-certificacao-da-producao-e-selo-municipal-da-agricultura-familiar\/","title":{"rendered":"Caruaru aprova Projeto de Lei de Certifica\u00e7\u00e3o da Produ\u00e7\u00e3o e Selo Municipal da Agricultura Familiar"},"content":{"rendered":"<p>O Prefeito de Caruaru, Rodrigo Pinheiro sancionou o projeto de Lei do Sistema Municipal de Certifica\u00e7\u00e3o da Produ\u00e7\u00e3o da Agricultura Familiar e a cria\u00e7\u00e3o do Selo Municipal da Agricultura Familiar de Caruaru.<\/p>\n<p>A lei \u00e9 destinada a identificar os produtos oriundos de agricultores e empreendedores familiares rurais definidos nos termos da Lei N\u2070 11.326, fortalecendo o desenvolvimento rural e a agricultura familiar, agregando valor aos produtos cultivados em Caruaru.<\/p>\n<p>A gest\u00e3o municipal atende os agricultores familiares, quando do chamamento p\u00fablico do Programa Nacional de Alimenta\u00e7\u00e3o Escolar (PNAE), destinando R$4.354.640 para a aquisi\u00e7\u00e3o de produtos exclusivamente oriundos da agricultura de Caruaru, beneficiando mais de 210 fam\u00edlias que vivem no espa\u00e7o rural.<\/p>\n<p>Com o advento desta Lei, a gest\u00e3o refor\u00e7a seu compromisso com a efetiva\u00e7\u00e3o de pol\u00edticas p\u00fablicas que priorizam o desenvolvimento do homem e da mulher do campo.<\/p>\n<p>Portanto, o Selo da Produ\u00e7\u00e3o da Agricultura Familiar proporciona identificar e qualificar o p\u00fablico benefici\u00e1rio e que se enquadra no Cadastro da Agricultura Familiar, sendo concedido \u00e0 produ\u00e7\u00e3o de agricultores e empreendedores rurais que aderirem ao sistema, mediante crit\u00e9rios e formalidades definidas em regulamento.<br \/>\nFoto: Divulga\u00e7\u00e3o\/Secom.<br \/>\nSiga o Instagram do Blog para comentar @blogdoedvaldomagalhaes<br \/>\nSe inscreva no canal do Blog no You Tube<\/p>\n","protected":false},"excerpt":{"rendered":"<p>O Prefeito de Caruaru, Rodrigo Pinheiro sancionou o projeto de Lei do Sistema Municipal de Certifica\u00e7\u00e3o da Produ\u00e7\u00e3o da Agricultura&hellip;<\/p>\n","protected":false},"author":1,"featured_media":102079,"comment_status":"closed","ping_status":"open","sticky":false,"template":"","format":"standard","meta":{"footnotes":""},"categories":[14120],"tags":[28803,2,28801,3406,28911],"class_list":["post-102078","post","type-post","status-publish","format-standard","has-post-thumbnail","hentry","category-noticias","tag-blog-com-mais-visualizacoes","tag-blog-do-edvaldo-magalhaes","tag-blog-mais-acessado","tag-caruaru","tag-caruaru-aprova-projeto-de-lei-de-certificacao-da-producao-e-selo-municipal-da-agricultura-familiar"],"_links":{"self":[{"href":"https:\/\/blogdoedvaldomagalhaes.com.br\/index.php\/wp-json\/wp\/v2\/posts\/102078","targetHints":{"allow":["GET"]}}],"collection":[{"href":"https:\/\/blogdoedvaldomagalhaes.com.br\/index.php\/wp-json\/wp\/v2\/posts"}],"about":[{"href":"https:\/\/blogdoedvaldomagalhaes.com.br\/index.php\/wp-json\/wp\/v2\/types\/post"}],"author":[{"embeddable":true,"href":"https:\/\/blogdoedvaldomagalhaes.com.br\/index.php\/wp-json\/wp\/v2\/users\/1"}],"replies":[{"embeddable":true,"href":"https:\/\/blogdoedvaldomagalhaes.com.br\/index.php\/wp-json\/wp\/v2\/comments?post=102078"}],"version-history":[{"count":1,"href":"https:\/\/blogdoedvaldomagalhaes.com.br\/index.php\/wp-json\/wp\/v2\/posts\/102078\/revisions"}],"predecessor-version":[{"id":102080,"href":"https:\/\/blogdoedvaldomagalhaes.com.br\/index.php\/wp-json\/wp\/v2\/posts\/102078\/revisions\/102080"}],"wp:featuredmedia":[{"embeddable":true,"href":"https:\/\/blogdoedvaldomagalhaes.com.br\/index.php\/wp-json\/wp\/v2\/media\/102079"}],"wp:attachment":[{"href":"https:\/\/blogdoedvaldomagalhaes.com.br\/index.php\/wp-json\/wp\/v2\/media?parent=102078"}],"wp:term":[{"taxonomy":"category","embeddable":true,"href":"https:\/\/blogdoedvaldomagalhaes.com.br\/index.php\/wp-json\/wp\/v2\/categories?post=102078"},{"taxonomy":"post_tag","embeddable":true,"href":"https:\/\/blogdoedvaldomagalhaes.com.br\/index.php\/wp-json\/wp\/v2\/tags?post=102078"}],"curies":[{"name":"wp","href":"https:\/\/api.w.org\/{rel}","templated":true}]}}