{"id":102074,"date":"2023-10-20T21:50:16","date_gmt":"2023-10-21T00:50:16","guid":{"rendered":"https:\/\/blogdoedvaldomagalhaes.com.br\/?p=102074"},"modified":"2023-10-20T22:10:27","modified_gmt":"2023-10-21T01:10:27","slug":"rodrigo-pinheiro-e-presidente-da-compesa-discutem-contrato-de-concessao-adutora-do-agreste-e-expansao-da-rede-em-caruaru","status":"publish","type":"post","link":"https:\/\/blogdoedvaldomagalhaes.com.br\/index.php\/2023\/10\/20\/rodrigo-pinheiro-e-presidente-da-compesa-discutem-contrato-de-concessao-adutora-do-agreste-e-expansao-da-rede-em-caruaru\/","title":{"rendered":"Rodrigo Pinheiro e presidente da Compesa discutem contrato de concess\u00e3o, Adutora do Agreste e expans\u00e3o da rede em Caruaru"},"content":{"rendered":"<p><span style=\"font-size: revert;\">O prefeito de Caruaru, Rodrigo Pinheiro, junto aos secret\u00e1rios municipais, se reuniu, nessa \u00a0quinta-feira (19), na sede da Compesa, com o presidente Alex Campos. O objetivo do encontro foi para tratar de importantes pleitos para o munic\u00edpio, como o contrato de concess\u00e3o, obra da Adutora do Agreste e a expans\u00e3o da rede em alguns bairros.<\/span><\/p>\n<p>\u201cViemos aqui para avan\u00e7armos nas demandas de Caruaru em parceria com a Compesa, na certeza que o presidente Alex, com toda a sua sensibilidade, dar\u00e1 maior celeridade nessas pautas, pois sabe da import\u00e2ncia que tem esses pleitos para o benef\u00edcio do nosso povo\u201d, ressaltou Pinheiro.<\/p>\n<p>Durante a reuni\u00e3o, o presidente Alex Campos recebeu as demandas com bastante aten\u00e7\u00e3o e adiantou que a Compesa tem como pauta priorit\u00e1ria as obras e a\u00e7\u00f5es na Capital do Agreste. \u201cCaruaru \u00e9 uma das nossas prioridades. Vamos trabalhar para tocar essas obras e a\u00e7\u00f5es em ritmo acelerado\u201d, disse.<\/p>\n<p>Ao lado do prefeito, estiveram presentes na reuni\u00e3o os secret\u00e1rios municipais Lino Portela, de Governo; Andrews Melo, de Obras; Thiago Azevedo, de Comunica\u00e7\u00e3o; al\u00e9m do presidente da Autarquia de Urbaniza\u00e7\u00e3o e Meio Ambiente de Caruaru (URB), Francisco Batista. Foto: Thiago Azevedo .<\/p>\n<p>Siga o Instagram do Blog para comentar @blogdoedvaldomagalhaes<\/p>\n<p>Se inscreva no canal do Blog no YouTube<\/p>\n","protected":false},"excerpt":{"rendered":"<p>O prefeito de Caruaru, Rodrigo Pinheiro, junto aos secret\u00e1rios municipais, se reuniu, nessa \u00a0quinta-feira (19), na sede da Compesa, com&hellip;<\/p>\n","protected":false},"author":1,"featured_media":102075,"comment_status":"closed","ping_status":"open","sticky":false,"template":"","format":"standard","meta":{"footnotes":""},"categories":[14122],"tags":[28803,2,28801,3406,20295,28910],"class_list":["post-102074","post","type-post","status-publish","format-standard","has-post-thumbnail","hentry","category-politica","tag-blog-com-mais-visualizacoes","tag-blog-do-edvaldo-magalhaes","tag-blog-mais-acessado","tag-caruaru","tag-politica-2","tag-rodrigo-pinheiro-e-presidente-da-compesa-discutem-contrato-de-concessao-adutora-do-agreste-e-expansao-da-rede-em-caruaru"],"_links":{"self":[{"href":"https:\/\/blogdoedvaldomagalhaes.com.br\/index.php\/wp-json\/wp\/v2\/posts\/102074","targetHints":{"allow":["GET"]}}],"collection":[{"href":"https:\/\/blogdoedvaldomagalhaes.com.br\/index.php\/wp-json\/wp\/v2\/posts"}],"about":[{"href":"https:\/\/blogdoedvaldomagalhaes.com.br\/index.php\/wp-json\/wp\/v2\/types\/post"}],"author":[{"embeddable":true,"href":"https:\/\/blogdoedvaldomagalhaes.com.br\/index.php\/wp-json\/wp\/v2\/users\/1"}],"replies":[{"embeddable":true,"href":"https:\/\/blogdoedvaldomagalhaes.com.br\/index.php\/wp-json\/wp\/v2\/comments?post=102074"}],"version-history":[{"count":1,"href":"https:\/\/blogdoedvaldomagalhaes.com.br\/index.php\/wp-json\/wp\/v2\/posts\/102074\/revisions"}],"predecessor-version":[{"id":102076,"href":"https:\/\/blogdoedvaldomagalhaes.com.br\/index.php\/wp-json\/wp\/v2\/posts\/102074\/revisions\/102076"}],"wp:featuredmedia":[{"embeddable":true,"href":"https:\/\/blogdoedvaldomagalhaes.com.br\/index.php\/wp-json\/wp\/v2\/media\/102075"}],"wp:attachment":[{"href":"https:\/\/blogdoedvaldomagalhaes.com.br\/index.php\/wp-json\/wp\/v2\/media?parent=102074"}],"wp:term":[{"taxonomy":"category","embeddable":true,"href":"https:\/\/blogdoedvaldomagalhaes.com.br\/index.php\/wp-json\/wp\/v2\/categories?post=102074"},{"taxonomy":"post_tag","embeddable":true,"href":"https:\/\/blogdoedvaldomagalhaes.com.br\/index.php\/wp-json\/wp\/v2\/tags?post=102074"}],"curies":[{"name":"wp","href":"https:\/\/api.w.org\/{rel}","templated":true}]}}