{"id":102071,"date":"2023-10-20T21:02:33","date_gmt":"2023-10-21T00:02:33","guid":{"rendered":"https:\/\/blogdoedvaldomagalhaes.com.br\/?p=102071"},"modified":"2023-10-20T21:02:35","modified_gmt":"2023-10-21T00:02:35","slug":"procon-caruaru-orienta-sobre-pre-matricula-escolar-para-o-ano-de-2024","status":"publish","type":"post","link":"https:\/\/blogdoedvaldomagalhaes.com.br\/index.php\/2023\/10\/20\/procon-caruaru-orienta-sobre-pre-matricula-escolar-para-o-ano-de-2024\/","title":{"rendered":"Procon Caruaru orienta sobre pr\u00e9-matr\u00edcula escolar para o ano de 2024"},"content":{"rendered":"<p><span style=\"font-size: revert;\">O Procon, orienta consumidores sobre as matr\u00edculas escolares para o pr\u00f3ximo ano. Com a chegada do final de ano, os planejamentos para 2024 j\u00e1 s\u00e3o uma realidade na vida dos pais, assim como a busca por vagas em escolas para o pr\u00f3ximo ano letivo e \u00e9 nesse per\u00edodo que as escolas come\u00e7am seu processo de pr\u00e9-matricula.<\/span><\/p>\n<p>A pr\u00e9-matr\u00edcula em escolas \u00e9 o processo no qual os pais ou respons\u00e1veis manifestam o interesse em inscrever um aluno na escola. Esse processo pode variar conforme a institui\u00e7\u00e3o, mas envolve geralmente o preenchimento de formul\u00e1rios, apresenta\u00e7\u00e3o de documentos e, em alguns casos, participa\u00e7\u00e3o em sorteios de bolsas escolares, como tamb\u00e9m pagamento de parte do valor integral da matr\u00edcula, especialmente se houver mais demanda do que vagas dispon\u00edveis.<\/p>\n<p>Cobran\u00e7a de taxas para efetivar a pr\u00e9-matr\u00edcula dos estudantes, segundo o Procon, a pr\u00e1tica \u00e9 permitida, desde que a quantia seja descontado no valor do contrato do novo ano. Alunos j\u00e1 matriculados e que estejam regulares perante a institui\u00e7\u00e3o de ensino, t\u00eam a vaga garantida para o ano seguinte.<\/p>\n<p>\u00c9 comum que os respons\u00e1veis sejam comunicados sobre reajustes no valor do contrato anual\/semestral. Em 2024, a previs\u00e3o de reajuste m\u00e9dio, comparado a 2023, \u00e9 de 9%. Por lei n\u00e3o existe um limite m\u00e1ximo para o reajuste nas mensalidades das escolas particulares, mas elas devem justificar os aumentos atrav\u00e9s de planilha de custo, mesmo quando o reajuste ocorrer para melhorias no processo did\u00e1tico-pedag\u00f3gico.<\/p>\n<p>Em rela\u00e7\u00e3o ao material escolar, a gerente do Procon Caruaru lembra que \u00e9 preciso disponibilizar a lista para os pais ou respons\u00e1veis com anteced\u00eancia. \u201cDentro do que \u00e9 permitido por lei, a lista de material escolar tem que ter o tipo de material discriminado para que os pais escolham de forma correta e conforme a necessidade do filho, caso haja alguma taxa espec\u00edfica de material fornecido pela escola, como por exemplo, livros did\u00e1ticos produzidos por sistema de ensino pr\u00f3prio, o material tamb\u00e9m tem que estar discriminado, para que os pais estejam cientes da metodologia de ensino e tenham conhecimento pr\u00e9vio dos custos que ter\u00e3o para esses materiais&#8221;, orienta Cynthia Nunes, gerente geral do Procon Caruaru.<\/p>\n<p>Foto: Divulga\u00e7\u00e3o.<\/p>\n<p>Siga o Instagram do Blog para comentar @blogdoedvaldomagalhaes<\/p>\n<p>Se inscreva no canal do Blog no YouTube<\/p>\n","protected":false},"excerpt":{"rendered":"<p>O Procon, orienta consumidores sobre as matr\u00edculas escolares para o pr\u00f3ximo ano. Com a chegada do final de ano, os&hellip;<\/p>\n","protected":false},"author":1,"featured_media":102072,"comment_status":"closed","ping_status":"open","sticky":false,"template":"","format":"standard","meta":{"footnotes":""},"categories":[14120],"tags":[2,28801,3406,20295,28909],"class_list":["post-102071","post","type-post","status-publish","format-standard","has-post-thumbnail","hentry","category-noticias","tag-blog-do-edvaldo-magalhaes","tag-blog-mais-acessado","tag-caruaru","tag-politica-2","tag-procon-caruaru-orienta-sobre-pre-matricula-escolar-para-o-ano-de-2024"],"_links":{"self":[{"href":"https:\/\/blogdoedvaldomagalhaes.com.br\/index.php\/wp-json\/wp\/v2\/posts\/102071","targetHints":{"allow":["GET"]}}],"collection":[{"href":"https:\/\/blogdoedvaldomagalhaes.com.br\/index.php\/wp-json\/wp\/v2\/posts"}],"about":[{"href":"https:\/\/blogdoedvaldomagalhaes.com.br\/index.php\/wp-json\/wp\/v2\/types\/post"}],"author":[{"embeddable":true,"href":"https:\/\/blogdoedvaldomagalhaes.com.br\/index.php\/wp-json\/wp\/v2\/users\/1"}],"replies":[{"embeddable":true,"href":"https:\/\/blogdoedvaldomagalhaes.com.br\/index.php\/wp-json\/wp\/v2\/comments?post=102071"}],"version-history":[{"count":1,"href":"https:\/\/blogdoedvaldomagalhaes.com.br\/index.php\/wp-json\/wp\/v2\/posts\/102071\/revisions"}],"predecessor-version":[{"id":102073,"href":"https:\/\/blogdoedvaldomagalhaes.com.br\/index.php\/wp-json\/wp\/v2\/posts\/102071\/revisions\/102073"}],"wp:featuredmedia":[{"embeddable":true,"href":"https:\/\/blogdoedvaldomagalhaes.com.br\/index.php\/wp-json\/wp\/v2\/media\/102072"}],"wp:attachment":[{"href":"https:\/\/blogdoedvaldomagalhaes.com.br\/index.php\/wp-json\/wp\/v2\/media?parent=102071"}],"wp:term":[{"taxonomy":"category","embeddable":true,"href":"https:\/\/blogdoedvaldomagalhaes.com.br\/index.php\/wp-json\/wp\/v2\/categories?post=102071"},{"taxonomy":"post_tag","embeddable":true,"href":"https:\/\/blogdoedvaldomagalhaes.com.br\/index.php\/wp-json\/wp\/v2\/tags?post=102071"}],"curies":[{"name":"wp","href":"https:\/\/api.w.org\/{rel}","templated":true}]}}