{"id":102062,"date":"2023-10-20T19:27:54","date_gmt":"2023-10-20T22:27:54","guid":{"rendered":"https:\/\/blogdoedvaldomagalhaes.com.br\/?p=102062"},"modified":"2023-10-20T19:27:55","modified_gmt":"2023-10-20T22:27:55","slug":"raquel-lyra-garante-pagamento-de-r-85-milhoes-para-os-municipios-na-proxima-semana","status":"publish","type":"post","link":"https:\/\/blogdoedvaldomagalhaes.com.br\/index.php\/2023\/10\/20\/raquel-lyra-garante-pagamento-de-r-85-milhoes-para-os-municipios-na-proxima-semana\/","title":{"rendered":"Raquel Lyra garante pagamento de R$ 85 milh\u00f5es para os munic\u00edpios na pr\u00f3xima semana"},"content":{"rendered":"<p>A governadora Raquel Lyra anunciou, na manh\u00e3 desta sexta-feira (20), o repasse de R$ 85 milh\u00f5es para os munic\u00edpios, por meio do Programa Estadual de Transporte Escolar (PETE), durante a solenidade que premiou as escolas municipais destaques da educa\u00e7\u00e3o no \u00e2mbito do Programa Crian\u00e7a Alfabetizada. Os munic\u00edpios receber\u00e3o os valores 100% reajustados pelo Estado. O pagamento \u00e9 retroativo ao m\u00eas de fevereiro.<\/p>\n<p>\u201cO projeto que dobra o repasse do transporte escolar j\u00e1 foi aprovado na Assembleia Legislativa. Enviamos os documentos para o banco e os recursos v\u00e3o estar dispon\u00edveis para os munic\u00edpios nos pr\u00f3ximos dias. Esse compromisso do Governo de Pernambuco foi firmado desde o lan\u00e7amento Juntos pela Educa\u00e7\u00e3o e agora garantir\u00e1 mais dignidade aos nossos estudantes\u201d, afirmou a governadora.<\/p>\n<p>Ainda hoje, foram premiadas com R$ 80 mil as 50 escolas que tiveram, em 2022, os melhores resultados na avalia\u00e7\u00e3o. Em contrapartida, as 50 escolas com os menores resultados foram beneficiadas com contribui\u00e7\u00e3o financeira de R$ 40 mil para a implementa\u00e7\u00e3o de um plano de melhoria dos resultados de aprendizagem de seus alunos. Cada uma das unidades de ensino premiadas deve desenvolver uma parceria de dois anos com uma das escolas apoiadas para executar a\u00e7\u00f5es de coopera\u00e7\u00e3o t\u00e9cnico-pedag\u00f3gica.<\/p>\n<p>\u201c\u00c9 a partir da alfabetiza\u00e7\u00e3o que vamos vendo, a cada ano, o sucesso dos estudantes. N\u00e3o estamos s\u00f3 preocupados com quem est\u00e1 na escola, seguimos investindo na Busca Ativa, junto \u00e0 Unicef, para resgatar nossas crian\u00e7as e adolescentes que est\u00e3o fora do ambiente escolar\u201d, afirmou a secret\u00e1ria de Educa\u00e7\u00e3o e Esportes, Ivaneide Dantas. O Programa Crian\u00e7a Alfabetizada tem como objetivo garantir a alfabetiza\u00e7\u00e3o de todos os estudantes da rede p\u00fablica at\u00e9 os sete anos de idade, isto \u00e9, at\u00e9 o fim do segundo ano do Ensino Fundamental.<\/p>\n<p>No munic\u00edpio de Cust\u00f3dia, no Sert\u00e3o do Moxot\u00f3, tr\u00eas escolas foram premiadas. O Col\u00e9gio Municipal Ernesto Queiroz obteve a maior nota do pr\u00eamio, com 9,89. \u201c\u00c9 uma enorme satisfa\u00e7\u00e3o receber o pr\u00eamio, ainda mais se tratando de um programa que cuida da alfabetiza\u00e7\u00e3o, a base de toda a educa\u00e7\u00e3o. Esse reconhecimento \u00e9 fruto de um trabalho que a gente vem realizando com os educadores, funcion\u00e1rios e pais. N\u00f3s somos uma fam\u00edlia\u201d, enfatizou Rog\u00e9rio Rodrigues de Oliveira, gestor da unidade de ensino.<\/p>\n<p>Os recursos recebidos pelas escolas s\u00e3o transferidos em duas parcelas e somente podem ser utilizados em a\u00e7\u00f5es que visem a melhoria dos resultados de alfabetiza\u00e7\u00e3o e letramento dos seus alunos, de acordo com as orienta\u00e7\u00f5es a serem estabelecidas pela SEE. Para receber a segunda parcela do benef\u00edcio, devem alcan\u00e7ar as metas de melhoria dos resultados, definidas anualmente pela pasta.<\/p>\n<p>Participaram da solenidade o secret\u00e1rio de Turismo e Lazer, Daniel Coelho; o executivo de Esportes, Luciano Leon\u00eddio; os deputados estaduais Jo\u00e3ozinho Tenorio, Socorro Pimentel, Luciano Duque, D\u00e9bora Almeida e Renato Antunes; a representante do Instituto Natura, M\u00e1rcia Ferri; a representante do Tribunal de Contas do Estado, Nagile Lessa; a promotora de Justi\u00e7a do Minist\u00e9rio P\u00fablico de Pernambuco, Isabela Carneiro Le\u00e3o; a diretora adjunta da Associa\u00e7\u00e3o Bem Comum, Maria Vera Vasconcelos; e a coordenadora da Associa\u00e7\u00e3o Bem Comum, Maria das Gra\u00e7as.<\/p>\n<p>Tamb\u00e9m estiveram presentes os prefeitos Judite Botafogo (Lagoa do Carro), Diogo Lima (Barra de Guabiraba), Aline Gouveia (Amaraj), Elizio Soares Filho (Carnaubeira da Penha), Erivaldo Chagas (Lajedo), Professor Lup\u00e9rcio (Olinda), F\u00e1tima Borba (Cort\u00eas), Severino Silvestre (Passira), Zeinha (Guaracy), Edilson Tavares (Toritama), Z\u00e9 Pretinho (Quixaba), Gustavo Carib\u00e9 (Bel\u00e9m de S\u00e3o Francisco), Manuca de Z\u00e9 do Povo (Cust\u00f3dia), Talita Fonseca (Camutanga), Rubem Lima (Panelas), Marly Quental (Cedro), Douglas Duarte (Angelim), Isabel Hacker (Rio Formoso), Gra\u00e7a do Moinho (Lagoa do ltaenga), Anchieta Patriota (Carna\u00edba), Gustavo Adolfo (Bonito), Guiga (Vic\u00eancia), Luciele Laurentino (Bezerros), Maria Medeiros (Cumaru), Juarez da Banana (Machados), Jorge de Neno (Camocim de S\u00e3o F\u00e9lix),Mano Medeiros (Jaboat\u00e3o dos Guararapes), Duguinha (S\u00e3o Joaquim do Monte), Ricardo Ramos (Ouricuri), Beto do Sargento (prefeito em exerc\u00edcio de Bel\u00e9m de Maria) e Djalma da Padaria (Solid\u00e3o).<\/p>\n<p>Fotos: Miva Filho\/ Secom<br \/>\nSiga o Instagram do Blog para comentar @blogdoedvaldomagalhaed<br \/>\nSe inscreva no canal do Blog no You Tube<\/p>\n","protected":false},"excerpt":{"rendered":"<p>A governadora Raquel Lyra anunciou, na manh\u00e3 desta sexta-feira (20), o repasse de R$ 85 milh\u00f5es para os munic\u00edpios, por&hellip;<\/p>\n","protected":false},"author":1,"featured_media":102063,"comment_status":"closed","ping_status":"open","sticky":false,"template":"","format":"standard","meta":{"footnotes":""},"categories":[14122],"tags":[28803,2,28801,3406,20,28905],"class_list":["post-102062","post","type-post","status-publish","format-standard","has-post-thumbnail","hentry","category-politica","tag-blog-com-mais-visualizacoes","tag-blog-do-edvaldo-magalhaes","tag-blog-mais-acessado","tag-caruaru","tag-politica","tag-raquel-lyra-garante-pagamento-de-r-85-milhoes-para-os-municipios-na-proxima-semana"],"_links":{"self":[{"href":"https:\/\/blogdoedvaldomagalhaes.com.br\/index.php\/wp-json\/wp\/v2\/posts\/102062","targetHints":{"allow":["GET"]}}],"collection":[{"href":"https:\/\/blogdoedvaldomagalhaes.com.br\/index.php\/wp-json\/wp\/v2\/posts"}],"about":[{"href":"https:\/\/blogdoedvaldomagalhaes.com.br\/index.php\/wp-json\/wp\/v2\/types\/post"}],"author":[{"embeddable":true,"href":"https:\/\/blogdoedvaldomagalhaes.com.br\/index.php\/wp-json\/wp\/v2\/users\/1"}],"replies":[{"embeddable":true,"href":"https:\/\/blogdoedvaldomagalhaes.com.br\/index.php\/wp-json\/wp\/v2\/comments?post=102062"}],"version-history":[{"count":1,"href":"https:\/\/blogdoedvaldomagalhaes.com.br\/index.php\/wp-json\/wp\/v2\/posts\/102062\/revisions"}],"predecessor-version":[{"id":102064,"href":"https:\/\/blogdoedvaldomagalhaes.com.br\/index.php\/wp-json\/wp\/v2\/posts\/102062\/revisions\/102064"}],"wp:featuredmedia":[{"embeddable":true,"href":"https:\/\/blogdoedvaldomagalhaes.com.br\/index.php\/wp-json\/wp\/v2\/media\/102063"}],"wp:attachment":[{"href":"https:\/\/blogdoedvaldomagalhaes.com.br\/index.php\/wp-json\/wp\/v2\/media?parent=102062"}],"wp:term":[{"taxonomy":"category","embeddable":true,"href":"https:\/\/blogdoedvaldomagalhaes.com.br\/index.php\/wp-json\/wp\/v2\/categories?post=102062"},{"taxonomy":"post_tag","embeddable":true,"href":"https:\/\/blogdoedvaldomagalhaes.com.br\/index.php\/wp-json\/wp\/v2\/tags?post=102062"}],"curies":[{"name":"wp","href":"https:\/\/api.w.org\/{rel}","templated":true}]}}