{"id":102059,"date":"2023-10-20T18:27:37","date_gmt":"2023-10-20T21:27:37","guid":{"rendered":"https:\/\/blogdoedvaldomagalhaes.com.br\/?p=102059"},"modified":"2023-10-20T18:27:39","modified_gmt":"2023-10-20T21:27:39","slug":"tres-homens-presos-em-posto-de-combustiveis-com-armas-e-municoes","status":"publish","type":"post","link":"https:\/\/blogdoedvaldomagalhaes.com.br\/index.php\/2023\/10\/20\/tres-homens-presos-em-posto-de-combustiveis-com-armas-e-municoes\/","title":{"rendered":"Tr\u00eas homens presos em posto de combust\u00edveis com armas e muni\u00e7\u00f5es"},"content":{"rendered":"<p>Policiais militares da 1\u00aa CIPM prenderam, na quinta-feira (19\/10), tr\u00eas homens por porte ilegal de arma de fogo. Eles iriam cometer crimes em Bel\u00e9m do S\u00e3o Francisco. Foi feito um levantamento, descoberto os planos do grupo e montada uma opera\u00e7\u00e3o para impedi-los.<\/p>\n<p>Foram realizadas dilig\u00eancias e os suspeitos foram localizados em um posto de combust\u00edveis. Ap\u00f3s busca, foram encontrados no interior do ve\u00edculo, uma espingarda calibre 12, dois rev\u00f3lveres calibre .38, todos municiados, e junto com as armas havia ainda 11 muni\u00e7\u00f5es calibre 12,  18 muni\u00e7\u00f5es calibre .40 e duas balaclavas.<\/p>\n<p>Um dos envolvidos tinha mandado de pris\u00e3o em aberto e outro j\u00e1 tinha passagens pelo sistema prisional, pelo cometimento de v\u00e1rios crimes. Todos, juntamente com o material apreendido, foram encaminhados para a delegacia local, para ado\u00e7\u00e3o das medidas cab\u00edveis.<br \/>\nFoto: Divulga\u00e7\u00e3o\/PMPE.<br \/>\nSiga o Instagram do Blog @blogdoedvaldomagalhaes<br \/>\nSe inscreva no canal do Blog no You Tube<\/p>\n","protected":false},"excerpt":{"rendered":"<p>Policiais militares da 1\u00aa CIPM prenderam, na quinta-feira (19\/10), tr\u00eas homens por porte ilegal de arma de fogo. Eles iriam&hellip;<\/p>\n","protected":false},"author":1,"featured_media":102060,"comment_status":"closed","ping_status":"open","sticky":false,"template":"","format":"standard","meta":{"footnotes":""},"categories":[14121],"tags":[28803,2,28801,3406,28904],"class_list":["post-102059","post","type-post","status-publish","format-standard","has-post-thumbnail","hentry","category-policial","tag-blog-com-mais-visualizacoes","tag-blog-do-edvaldo-magalhaes","tag-blog-mais-acessado","tag-caruaru","tag-tres-homens-presos-em-posto-de-combustiveis-com-armas-e-municoes"],"_links":{"self":[{"href":"https:\/\/blogdoedvaldomagalhaes.com.br\/index.php\/wp-json\/wp\/v2\/posts\/102059","targetHints":{"allow":["GET"]}}],"collection":[{"href":"https:\/\/blogdoedvaldomagalhaes.com.br\/index.php\/wp-json\/wp\/v2\/posts"}],"about":[{"href":"https:\/\/blogdoedvaldomagalhaes.com.br\/index.php\/wp-json\/wp\/v2\/types\/post"}],"author":[{"embeddable":true,"href":"https:\/\/blogdoedvaldomagalhaes.com.br\/index.php\/wp-json\/wp\/v2\/users\/1"}],"replies":[{"embeddable":true,"href":"https:\/\/blogdoedvaldomagalhaes.com.br\/index.php\/wp-json\/wp\/v2\/comments?post=102059"}],"version-history":[{"count":1,"href":"https:\/\/blogdoedvaldomagalhaes.com.br\/index.php\/wp-json\/wp\/v2\/posts\/102059\/revisions"}],"predecessor-version":[{"id":102061,"href":"https:\/\/blogdoedvaldomagalhaes.com.br\/index.php\/wp-json\/wp\/v2\/posts\/102059\/revisions\/102061"}],"wp:featuredmedia":[{"embeddable":true,"href":"https:\/\/blogdoedvaldomagalhaes.com.br\/index.php\/wp-json\/wp\/v2\/media\/102060"}],"wp:attachment":[{"href":"https:\/\/blogdoedvaldomagalhaes.com.br\/index.php\/wp-json\/wp\/v2\/media?parent=102059"}],"wp:term":[{"taxonomy":"category","embeddable":true,"href":"https:\/\/blogdoedvaldomagalhaes.com.br\/index.php\/wp-json\/wp\/v2\/categories?post=102059"},{"taxonomy":"post_tag","embeddable":true,"href":"https:\/\/blogdoedvaldomagalhaes.com.br\/index.php\/wp-json\/wp\/v2\/tags?post=102059"}],"curies":[{"name":"wp","href":"https:\/\/api.w.org\/{rel}","templated":true}]}}