{"id":102056,"date":"2023-10-20T17:16:13","date_gmt":"2023-10-20T20:16:13","guid":{"rendered":"https:\/\/blogdoedvaldomagalhaes.com.br\/?p=102056"},"modified":"2023-10-20T17:16:13","modified_gmt":"2023-10-20T20:16:13","slug":"policias-civis-da-paraiba-e-pernambuco-prendem-narcotraficante-procurado-por-policias-de-varios-estados-do-nordeste","status":"publish","type":"post","link":"https:\/\/blogdoedvaldomagalhaes.com.br\/index.php\/2023\/10\/20\/policias-civis-da-paraiba-e-pernambuco-prendem-narcotraficante-procurado-por-policias-de-varios-estados-do-nordeste\/","title":{"rendered":"Pol\u00edcias civis da Para\u00edba e Pernambuco prendem narcotraficante procurado por pol\u00edcias de v\u00e1rios estados do Nordeste"},"content":{"rendered":"<p><span style=\"font-size: revert;\">As pol\u00edcias civis da Para\u00edba e de Pernambuco realizaram nesta sexta-feira, 20 de outubro, a pris\u00e3o mais importante deste ano, para o cen\u00e1rio de seguran\u00e7a p\u00fablica paraibano. Trata-se de um narcotraficante procurado pela justi\u00e7a em v\u00e1rios estados do Nordeste, respons\u00e1vel pela distribui\u00e7\u00e3o de grande quantidade de drogas na Para\u00edba, al\u00e9m de coordenar grandes roubos e decretar uma s\u00e9rie de assassinatos.<\/span><\/p>\n<p>As investiga\u00e7\u00f5es tiveram in\u00edcio com a Delegacia de Repress\u00e3o a Entorpecentes (DRE) de Campina Grande, que conseguiu identificar a localiza\u00e7\u00e3o do criminoso. Com o refor\u00e7o da Delegacia de Repress\u00e3o ao Crime Organizado (DRACO) da Para\u00edba, a Delegacia de Roubos e Furtos (DRF) de Campina Grande e o Comando de Opera\u00e7\u00f5es e Recursos Especiais (CORE) da Pol\u00edcia Civil de Pernambuco, a opera\u00e7\u00e3o apreendeu quase 200 artefatos explosivos que estavam em poder dos criminosos.<\/p>\n<p>\u201cTudo pronto para ser utilizado em ataques a carros-fortes ou a institui\u00e7\u00f5es financeiras. O grupo estava verdadeiramente preparado para cometer, a qualquer momento, um ou mais ataques de grande magnitude na Para\u00edba ou em outro estado\u201d, disse o delegado Diego Beltr\u00e3o, da DRACO.<\/p>\n<p>Al\u00e9m dos explosivos, foram apreendidas tamb\u00e9m uma espingarda calibre 12, uma submetralhadora, tr\u00eas rev\u00f3lveres e muita muni\u00e7\u00e3o. Dez malotes de maconha tamb\u00e9m foram apreendidos e encaminhados ao Instituto de Pol\u00edcia Cient\u00edfica (IPC), para pesagem e exames periciais.<\/p>\n<p>PARA\u00cdBA-PERNAMBUCO<\/p>\n<p>De acordo com o delegado Jorge Lu\u00eds, da DRE, a droga e os explosivos foram encontrados em uma casa no munic\u00edpio de Aroeiras (PB). J\u00e1 as armas e muni\u00e7\u00f5es estavam na resid\u00eancia do alvo principal da opera\u00e7\u00e3o, na cidade de Surubim (PE). \u201cEle chegou a usar uma crian\u00e7a como \u2018escudo\u2019 no momento da pris\u00e3o\u201d, frisou o delegado.<\/p>\n<p>Al\u00e9m dele, outros dois homens tamb\u00e9m foram presos em Surubim. Eles seriam \u2018seguran\u00e7as\u2019 do alvo e portavam armas quando foram capturados pelos policiais.<\/p>\n<p>BAHIA<\/p>\n<p>As investiga\u00e7\u00f5es apontam ainda que o alvo da opera\u00e7\u00e3o faz parte de uma fac\u00e7\u00e3o criminosa do estado da Bahia e tenta se enraizar em munic\u00edpios paraibanos. A pol\u00edcia e a justi\u00e7a daquele estado tamb\u00e9m j\u00e1 foram informadas da pris\u00e3o.<\/p>\n<p>CAMPINA GRANDE<\/p>\n<p>Um dos crimes atribu\u00eddos ao traficante \u00e9 uma tentativa de homic\u00eddio cometida contra um delegado da Pol\u00edcia Civil pernambucana. O delito aconteceu em Campina Grande, em uma casa de shows, durante os festejos juninos na cidade.<\/p>\n<p>Pol\u00edcia Civil da Para\u00edba<br \/>\nDelegacia-Geral<\/p>\n<p>Siga o Instagram do Blog @blogdoedvaldomagalhaes<\/p>\n<p>Se inscreva no canal do Blog no YouTube<\/p>\n<p>Foto: Divulga\u00e7\u00e3o.<\/p>\n","protected":false},"excerpt":{"rendered":"<p>As pol\u00edcias civis da Para\u00edba e de Pernambuco realizaram nesta sexta-feira, 20 de outubro, a pris\u00e3o mais importante deste ano,&hellip;<\/p>\n","protected":false},"author":1,"featured_media":102057,"comment_status":"closed","ping_status":"open","sticky":false,"template":"","format":"standard","meta":{"footnotes":""},"categories":[14121],"tags":[28803,2,28801,3406,28903],"class_list":["post-102056","post","type-post","status-publish","format-standard","has-post-thumbnail","hentry","category-policial","tag-blog-com-mais-visualizacoes","tag-blog-do-edvaldo-magalhaes","tag-blog-mais-acessado","tag-caruaru","tag-policias-civis-da-paraiba-e-pernambuco-prendem-narcotraficante-procurado-por-policias-de-varios-estados-do-nordeste"],"_links":{"self":[{"href":"https:\/\/blogdoedvaldomagalhaes.com.br\/index.php\/wp-json\/wp\/v2\/posts\/102056","targetHints":{"allow":["GET"]}}],"collection":[{"href":"https:\/\/blogdoedvaldomagalhaes.com.br\/index.php\/wp-json\/wp\/v2\/posts"}],"about":[{"href":"https:\/\/blogdoedvaldomagalhaes.com.br\/index.php\/wp-json\/wp\/v2\/types\/post"}],"author":[{"embeddable":true,"href":"https:\/\/blogdoedvaldomagalhaes.com.br\/index.php\/wp-json\/wp\/v2\/users\/1"}],"replies":[{"embeddable":true,"href":"https:\/\/blogdoedvaldomagalhaes.com.br\/index.php\/wp-json\/wp\/v2\/comments?post=102056"}],"version-history":[{"count":1,"href":"https:\/\/blogdoedvaldomagalhaes.com.br\/index.php\/wp-json\/wp\/v2\/posts\/102056\/revisions"}],"predecessor-version":[{"id":102058,"href":"https:\/\/blogdoedvaldomagalhaes.com.br\/index.php\/wp-json\/wp\/v2\/posts\/102056\/revisions\/102058"}],"wp:featuredmedia":[{"embeddable":true,"href":"https:\/\/blogdoedvaldomagalhaes.com.br\/index.php\/wp-json\/wp\/v2\/media\/102057"}],"wp:attachment":[{"href":"https:\/\/blogdoedvaldomagalhaes.com.br\/index.php\/wp-json\/wp\/v2\/media?parent=102056"}],"wp:term":[{"taxonomy":"category","embeddable":true,"href":"https:\/\/blogdoedvaldomagalhaes.com.br\/index.php\/wp-json\/wp\/v2\/categories?post=102056"},{"taxonomy":"post_tag","embeddable":true,"href":"https:\/\/blogdoedvaldomagalhaes.com.br\/index.php\/wp-json\/wp\/v2\/tags?post=102056"}],"curies":[{"name":"wp","href":"https:\/\/api.w.org\/{rel}","templated":true}]}}