{"id":102044,"date":"2023-10-20T12:05:13","date_gmt":"2023-10-20T15:05:13","guid":{"rendered":"https:\/\/blogdoedvaldomagalhaes.com.br\/?p=102044"},"modified":"2023-10-20T14:36:10","modified_gmt":"2023-10-20T17:36:10","slug":"novo-atacarejo-vai-gerar-mil-empregos-diretos-e-outros-tres-mil-indiretos-em-caruaru","status":"publish","type":"post","link":"https:\/\/blogdoedvaldomagalhaes.com.br\/index.php\/2023\/10\/20\/novo-atacarejo-vai-gerar-mil-empregos-diretos-e-outros-tres-mil-indiretos-em-caruaru\/","title":{"rendered":"Novo Atacarejo vai gerar mil empregos diretos e outros tr\u00eas mil indiretos em Caruaru"},"content":{"rendered":"<p class=\"texto\">A rede de supermercados <strong>Novo Atacarejo <\/strong>vai \u00a0abrir uma unidade em Caruaru. \u00c0s obras na avenida Le\u00e3o Dourado, ser\u00e3o iniciadas na pr\u00f3xima semana e deve ser inaugurada no m\u00eas de junho de 2024, com perspectiva de abertura de mais duas lojas na cidade. Ser\u00e3o gerados mil empregos diretos e tr\u00eas mil empregos indiretos.<\/p>\n<p class=\"texto\"><strong>O Novo Atacarejo de Caruaru <\/strong>ir\u00e1 oferecer os servi\u00e7os de a\u00e7ougue, frios e padaria com produ\u00e7\u00e3o pr\u00f3pria. O leque tamb\u00e9m disp\u00f5e de comercializa\u00e7\u00e3o de alimentos perec\u00edveis, mercearia, artigos de higiene, limpeza, bazar, automotivo, eletroport\u00e1teis, bomboniere e bebidas<\/p>\n<p class=\"texto\">Somente em 2023, o Novo Atacarejo inaugurou quatro novas unidades, totalizando 23 lojas em opera\u00e7\u00e3o atualmente, distribu\u00eddas em 19 cidades.<\/p>\n<p class=\"texto\">As unidades do<strong> Novo Atacarejo<\/strong> est\u00e3o instaladas nos seguintes munic\u00edpios:<\/p>\n<ul>\n<li>Recife: 4<\/li>\n<li>Paulista: 1<\/li>\n<li>S\u00e3o Louren\u00e7o da Mata: 1<\/li>\n<li>Jaboat\u00e3o dos Guararapes: 1<\/li>\n<li>Cabo de Santo Agostinho: 1<\/li>\n<li>Vit\u00f3ria de Santo Ant\u00e3o: 1<\/li>\n<li>Limoeiro: 1<\/li>\n<li>Carpina: 2<\/li>\n<li>Timba\u00faba: 1<\/li>\n<li>Bezerros: 1<\/li>\n<li>Gravat\u00e1: 1<\/li>\n<li>Goiana: 1<\/li>\n<li>Santa Cruz do Capibaribe: 1<\/li>\n<li>Surubim: 1<\/li>\n<li>Belo Jardim: 1<\/li>\n<li>Escada: 1<\/li>\n<li>Arcoverde: 1<\/li>\n<li>Barreiros: 1<\/li>\n<li>Pedras de Fogo, na Para\u00edba: 1<\/li>\n<li>Siga o Instagram do Blog para comentar @blogdoedvaldomagalhaes<\/li>\n<li>Se inscreva no canal do Blog no YouTube<\/li>\n<\/ul>\n","protected":false},"excerpt":{"rendered":"<p>A rede de supermercados Novo Atacarejo vai \u00a0abrir uma unidade em Caruaru. \u00c0s obras na avenida Le\u00e3o Dourado, ser\u00e3o iniciadas&hellip;<\/p>\n","protected":false},"author":1,"featured_media":102046,"comment_status":"closed","ping_status":"open","sticky":false,"template":"","format":"standard","meta":{"footnotes":""},"categories":[14120],"tags":[28803,2,28801,19430,3406,28902],"class_list":["post-102044","post","type-post","status-publish","format-standard","has-post-thumbnail","hentry","category-noticias","tag-blog-com-mais-visualizacoes","tag-blog-do-edvaldo-magalhaes","tag-blog-mais-acessado","tag-blog-mais-acessado-de-caruaru","tag-caruaru","tag-novo-atacarejo-vai-gerar-mil-empregos-diretos-e-outros-tres-mil-indiretos-em-caruaru"],"_links":{"self":[{"href":"https:\/\/blogdoedvaldomagalhaes.com.br\/index.php\/wp-json\/wp\/v2\/posts\/102044","targetHints":{"allow":["GET"]}}],"collection":[{"href":"https:\/\/blogdoedvaldomagalhaes.com.br\/index.php\/wp-json\/wp\/v2\/posts"}],"about":[{"href":"https:\/\/blogdoedvaldomagalhaes.com.br\/index.php\/wp-json\/wp\/v2\/types\/post"}],"author":[{"embeddable":true,"href":"https:\/\/blogdoedvaldomagalhaes.com.br\/index.php\/wp-json\/wp\/v2\/users\/1"}],"replies":[{"embeddable":true,"href":"https:\/\/blogdoedvaldomagalhaes.com.br\/index.php\/wp-json\/wp\/v2\/comments?post=102044"}],"version-history":[{"count":5,"href":"https:\/\/blogdoedvaldomagalhaes.com.br\/index.php\/wp-json\/wp\/v2\/posts\/102044\/revisions"}],"predecessor-version":[{"id":102055,"href":"https:\/\/blogdoedvaldomagalhaes.com.br\/index.php\/wp-json\/wp\/v2\/posts\/102044\/revisions\/102055"}],"wp:featuredmedia":[{"embeddable":true,"href":"https:\/\/blogdoedvaldomagalhaes.com.br\/index.php\/wp-json\/wp\/v2\/media\/102046"}],"wp:attachment":[{"href":"https:\/\/blogdoedvaldomagalhaes.com.br\/index.php\/wp-json\/wp\/v2\/media?parent=102044"}],"wp:term":[{"taxonomy":"category","embeddable":true,"href":"https:\/\/blogdoedvaldomagalhaes.com.br\/index.php\/wp-json\/wp\/v2\/categories?post=102044"},{"taxonomy":"post_tag","embeddable":true,"href":"https:\/\/blogdoedvaldomagalhaes.com.br\/index.php\/wp-json\/wp\/v2\/tags?post=102044"}],"curies":[{"name":"wp","href":"https:\/\/api.w.org\/{rel}","templated":true}]}}