{"id":102041,"date":"2023-10-20T10:04:35","date_gmt":"2023-10-20T13:04:35","guid":{"rendered":"https:\/\/blogdoedvaldomagalhaes.com.br\/?p=102041"},"modified":"2023-10-20T10:04:36","modified_gmt":"2023-10-20T13:04:36","slug":"para-marcar-outubro-rosa-e-novembro-azul-alepe-oferece-servicos-gratuitos-de-saude-a-populacao","status":"publish","type":"post","link":"https:\/\/blogdoedvaldomagalhaes.com.br\/index.php\/2023\/10\/20\/para-marcar-outubro-rosa-e-novembro-azul-alepe-oferece-servicos-gratuitos-de-saude-a-populacao\/","title":{"rendered":"Para marcar Outubro Rosa e Novembro Azul, Alepe oferece servi\u00e7os gratuitos de sa\u00fade \u00e0 popula\u00e7\u00e3o"},"content":{"rendered":"<p>Preocupada com as tem\u00e1ticas relacionadas \u00e0 preven\u00e7\u00e3o e diagn\u00f3stico precoce do c\u00e2ncer de mama e de pr\u00f3stata, a Assembleia Legislativa de Pernambuco (Alepe) lan\u00e7a na segunda-feira (23) a campanha \u2018Outubro Rosa e Novembro Azul: Juntos nos Cuidamos\u2019. A a\u00e7\u00e3o se estende at\u00e9 1\u00ba de novembro com v\u00e1rios servi\u00e7os de sa\u00fade e palestras oferecidos gratuitamente aos servidores do Legislativo e \u00e0 popula\u00e7\u00e3o em geral.<\/p>\n<p>A campanha ser\u00e1 aberta na segunda (23), \u00e0s 16 horas, em frente ao edif\u00edcio Governador Miguel Arraes, na Rua da Uni\u00e3o. Na ocasi\u00e3o, haver\u00e1 o registro em forma de um la\u00e7o humano com funcion\u00e1rios da Alepe vestidos nas cores rosa e azul, s\u00edmbolos da campanha.<\/p>\n<p>*Sa\u00fade de gra\u00e7a*<\/p>\n<p>Durante uma semana, ser\u00e1 realizado um mutir\u00e3o de servi\u00e7os gratuitos numa estrutura montada nos anexos I e II da Alepe com previs\u00e3o de mais de 3 mil atendimentos no per\u00edodo da campanha. Ser\u00e3o oferecidas consultas odontol\u00f3gicas e m\u00e9dicas nas \u00e1reas de mastologia, urologia, ginecologia, cl\u00ednica m\u00e9dica, endocrinologia, cardiologia, neurologia e oftalmologia; exames de preven\u00e7\u00e3o e laboratoriais; realiza\u00e7\u00e3o de pr\u00e1ticas integrativas de autocuidado e bem-estar; fonoaudiologia, est\u00e9tica e massagens.<\/p>\n<p>Um servi\u00e7o a mais da campanha ser\u00e1 a instala\u00e7\u00e3o do ambulat\u00f3rio do p\u00e9 diab\u00e9tico voltado para pacientes com complica\u00e7\u00f5es provocadas pelo diabetes. Todos os servi\u00e7os ser\u00e3o oferecidos no hor\u00e1rio das 8h \u00e0s 17 horas. As vagas s\u00e3o limitadas e agendadas pelos fones 3183-2424 3183-2026 e pelo WhatsApp (81) 9 9741-7691.<\/p>\n<p>*Conhecimento*<\/p>\n<p>Al\u00e9m dos servi\u00e7os, palestras sobre diagn\u00f3stico, preven\u00e7\u00e3o e vida saud\u00e1vel tamb\u00e9m ser\u00e3o oferecidas gratuitamente em torno dos temas que marcam o outubro rosa e o novembro azul. As palestras acontecem nos dias 26, 30 e 31, sempre \u00e0s 9 horas, no audit\u00f3rio \u00canio Guerra, na Alepe.<\/p>\n<p>Para fechar a programa\u00e7\u00e3o, a Alepe oferecer\u00e1 nos dias 25 de outubro e 1\u00ba de novembro, respectivamente, os workshops sobre t\u00e9cnicas de maquiagem e sobrancelhas, \u00e0s 8h30, e cuidados com cabelo e barba \u00e0s 10h30. A participa\u00e7\u00e3o em palestras e workshop tamb\u00e9m devem ser agendas por telefone.<\/p>\n<p>A campanha \u00e9 coordenada pela Superintend\u00eancia de Sa\u00fade e Medicina Ocupacional (SSMO) da Alepe em parceria com a Funda\u00e7\u00e3o Altino Ventura, Prefeitura do Recife, Universidade Maur\u00edcio de Nassau (Uninassau) e Fecom\u00e9rcio (Federa\u00e7\u00e3o do Com\u00e9rcio Varejista de Pernambuco) que inclui\u00a0o\u00a0Sesc\u00a0e\u00a0Senac.<br \/>\nFotos: Giovanni Costa\/Alepe.<\/p>\n<p>Siga o Instagram do Blog @blogdoedvaldomagalhaes<br \/>\nSe inscreva no canal do Blog no You Tube<\/p>\n","protected":false},"excerpt":{"rendered":"<p>Preocupada com as tem\u00e1ticas relacionadas \u00e0 preven\u00e7\u00e3o e diagn\u00f3stico precoce do c\u00e2ncer de mama e de pr\u00f3stata, a Assembleia Legislativa&hellip;<\/p>\n","protected":false},"author":1,"featured_media":102042,"comment_status":"closed","ping_status":"open","sticky":false,"template":"","format":"standard","meta":{"footnotes":""},"categories":[14120],"tags":[28803,2,28801,3406,28901],"class_list":["post-102041","post","type-post","status-publish","format-standard","has-post-thumbnail","hentry","category-noticias","tag-blog-com-mais-visualizacoes","tag-blog-do-edvaldo-magalhaes","tag-blog-mais-acessado","tag-caruaru","tag-para-marcar-outubro-rosa-e-novembro-azul-alepe-oferece-servicos-gratuitos-de-saude-a-populacao"],"_links":{"self":[{"href":"https:\/\/blogdoedvaldomagalhaes.com.br\/index.php\/wp-json\/wp\/v2\/posts\/102041","targetHints":{"allow":["GET"]}}],"collection":[{"href":"https:\/\/blogdoedvaldomagalhaes.com.br\/index.php\/wp-json\/wp\/v2\/posts"}],"about":[{"href":"https:\/\/blogdoedvaldomagalhaes.com.br\/index.php\/wp-json\/wp\/v2\/types\/post"}],"author":[{"embeddable":true,"href":"https:\/\/blogdoedvaldomagalhaes.com.br\/index.php\/wp-json\/wp\/v2\/users\/1"}],"replies":[{"embeddable":true,"href":"https:\/\/blogdoedvaldomagalhaes.com.br\/index.php\/wp-json\/wp\/v2\/comments?post=102041"}],"version-history":[{"count":1,"href":"https:\/\/blogdoedvaldomagalhaes.com.br\/index.php\/wp-json\/wp\/v2\/posts\/102041\/revisions"}],"predecessor-version":[{"id":102043,"href":"https:\/\/blogdoedvaldomagalhaes.com.br\/index.php\/wp-json\/wp\/v2\/posts\/102041\/revisions\/102043"}],"wp:featuredmedia":[{"embeddable":true,"href":"https:\/\/blogdoedvaldomagalhaes.com.br\/index.php\/wp-json\/wp\/v2\/media\/102042"}],"wp:attachment":[{"href":"https:\/\/blogdoedvaldomagalhaes.com.br\/index.php\/wp-json\/wp\/v2\/media?parent=102041"}],"wp:term":[{"taxonomy":"category","embeddable":true,"href":"https:\/\/blogdoedvaldomagalhaes.com.br\/index.php\/wp-json\/wp\/v2\/categories?post=102041"},{"taxonomy":"post_tag","embeddable":true,"href":"https:\/\/blogdoedvaldomagalhaes.com.br\/index.php\/wp-json\/wp\/v2\/tags?post=102041"}],"curies":[{"name":"wp","href":"https:\/\/api.w.org\/{rel}","templated":true}]}}