{"id":102030,"date":"2023-10-20T06:57:44","date_gmt":"2023-10-20T09:57:44","guid":{"rendered":"https:\/\/blogdoedvaldomagalhaes.com.br\/?p=102030"},"modified":"2023-10-20T10:11:17","modified_gmt":"2023-10-20T13:11:17","slug":"operacao-de-combate-a-corrupcao-e-ao-crime-organizado-na-camara-de-caruaru","status":"publish","type":"post","link":"https:\/\/blogdoedvaldomagalhaes.com.br\/index.php\/2023\/10\/20\/operacao-de-combate-a-corrupcao-e-ao-crime-organizado-na-camara-de-caruaru\/","title":{"rendered":"Opera\u00e7\u00e3o de Combate \u00e0 Corrup\u00e7\u00e3o e ao Crime Organizado na C\u00e2mara de Caruaru"},"content":{"rendered":"<p>Nota<\/p>\n<p>A POL\u00cdCIA CIVIL DE PERNAMBUCO desencadeou na manh\u00e3 desta sexta-feira, 20\/10\/2023, a 72a Opera\u00e7\u00e3o de Repress\u00e3o Qualificada do ano denominada &#8220;SECUNDUS&#8221;, vinculada \u00e0 Diretoria Integrada Especializada &#8211; DIRESP, sob a presid\u00eancia do Delegado Jeov\u00e1 Miguel, Titular da 3a Delegacia de Pol\u00edcia de Combate \u00e0 Corrup\u00e7\u00e3o &#8211; 3a DECCOR, unidade integrante do Departamento de Combate \u00e0 Corrup\u00e7\u00e3o e ao Crime Organizado \u2013 DRACCO.<\/p>\n<p>A investiga\u00e7\u00e3o foi iniciada em mar\u00e7o de 2023, com o objetivo de identificar e desarticular Associa\u00e7\u00e3o Criminosa voltada \u00e0 pr\u00e1tica do crime de Falsidade Ideol\u00f3gica.<\/p>\n<p>Nesta sexta-feira (20.10) est\u00e3o sendo cumpridos 08 (oito) Mandados de Busca e Apreens\u00e3o Domiciliar, todos expedidos pelo Ju\u00edzo da Segunda Vara Criminal da Comarca de Caruaru.<br \/>\nNa execu\u00e7\u00e3o est\u00e3o sendo empregados 50 (cinquenta) Policiais Civis, entre Delegados, Agentes e Escriv\u00e3es.<br \/>\nAs investiga\u00e7\u00f5es foram assessoradas pela Diretoria de Intelig\u00eancia da Pol\u00edcia Civil de Pernambuco \u2013 DINTEL.<br \/>\nOs detalhes da referida opera\u00e7\u00e3o ser\u00e3o divulgados pela Assessoria de Comunica\u00e7\u00e3o da Pol\u00edcia Civil em momento oportuno.<\/p>\n<p>Informa\u00e7\u00f5es: Chefia de Pol\u00edcia<\/p>\n<p>O Blog informa que ningu\u00e9m foi preso. Os alvos da opera\u00e7\u00e3o da pol\u00edcia foram na C\u00e2mara de Caruaru, nas \u00a0resid\u00eancias dos integrantes da Mesa Diretora: Bruno Lambreta (presidente), 1\u2022 secret\u00e1rio Leonardo Chaves e 2\u2022 secret\u00e1rio Galego de Lajes, vereadora K\u00e1tia das Rendeiras, al\u00e9m de quatro servidores p\u00fablicos. A opera\u00e7\u00e3o tem rela\u00e7\u00e3o com o caso da vereadora K\u00e1tia das Rendeiras.<\/p>\n<p>Siga o Instagram do Blog @blogdoedvaldomagalhaes<br \/>\nSe inscreva no canal do Blog no You Tube<\/p>\n","protected":false},"excerpt":{"rendered":"<p>Nota A POL\u00cdCIA CIVIL DE PERNAMBUCO desencadeou na manh\u00e3 desta sexta-feira, 20\/10\/2023, a 72a Opera\u00e7\u00e3o de Repress\u00e3o Qualificada do ano&hellip;<\/p>\n","protected":false},"author":1,"featured_media":102032,"comment_status":"closed","ping_status":"open","sticky":false,"template":"","format":"standard","meta":{"footnotes":""},"categories":[14121],"tags":[28803,2,28801,3406,28900,20],"class_list":["post-102030","post","type-post","status-publish","format-standard","has-post-thumbnail","hentry","category-policial","tag-blog-com-mais-visualizacoes","tag-blog-do-edvaldo-magalhaes","tag-blog-mais-acessado","tag-caruaru","tag-policia-realiza-operacao-de-combate-a-corrupcao-e-ao-crime-organizado-na-camara-de-caruaru","tag-politica"],"_links":{"self":[{"href":"https:\/\/blogdoedvaldomagalhaes.com.br\/index.php\/wp-json\/wp\/v2\/posts\/102030","targetHints":{"allow":["GET"]}}],"collection":[{"href":"https:\/\/blogdoedvaldomagalhaes.com.br\/index.php\/wp-json\/wp\/v2\/posts"}],"about":[{"href":"https:\/\/blogdoedvaldomagalhaes.com.br\/index.php\/wp-json\/wp\/v2\/types\/post"}],"author":[{"embeddable":true,"href":"https:\/\/blogdoedvaldomagalhaes.com.br\/index.php\/wp-json\/wp\/v2\/users\/1"}],"replies":[{"embeddable":true,"href":"https:\/\/blogdoedvaldomagalhaes.com.br\/index.php\/wp-json\/wp\/v2\/comments?post=102030"}],"version-history":[{"count":6,"href":"https:\/\/blogdoedvaldomagalhaes.com.br\/index.php\/wp-json\/wp\/v2\/posts\/102030\/revisions"}],"predecessor-version":[{"id":102040,"href":"https:\/\/blogdoedvaldomagalhaes.com.br\/index.php\/wp-json\/wp\/v2\/posts\/102030\/revisions\/102040"}],"wp:featuredmedia":[{"embeddable":true,"href":"https:\/\/blogdoedvaldomagalhaes.com.br\/index.php\/wp-json\/wp\/v2\/media\/102032"}],"wp:attachment":[{"href":"https:\/\/blogdoedvaldomagalhaes.com.br\/index.php\/wp-json\/wp\/v2\/media?parent=102030"}],"wp:term":[{"taxonomy":"category","embeddable":true,"href":"https:\/\/blogdoedvaldomagalhaes.com.br\/index.php\/wp-json\/wp\/v2\/categories?post=102030"},{"taxonomy":"post_tag","embeddable":true,"href":"https:\/\/blogdoedvaldomagalhaes.com.br\/index.php\/wp-json\/wp\/v2\/tags?post=102030"}],"curies":[{"name":"wp","href":"https:\/\/api.w.org\/{rel}","templated":true}]}}