{"id":102019,"date":"2023-10-19T19:48:06","date_gmt":"2023-10-19T22:48:06","guid":{"rendered":"https:\/\/blogdoedvaldomagalhaes.com.br\/?p=102019"},"modified":"2023-10-19T19:53:12","modified_gmt":"2023-10-19T22:53:12","slug":"governo-anuncia-mudancas-na-secretaria-de-justica-e-direitos-humanos","status":"publish","type":"post","link":"https:\/\/blogdoedvaldomagalhaes.com.br\/index.php\/2023\/10\/19\/governo-anuncia-mudancas-na-secretaria-de-justica-e-direitos-humanos\/","title":{"rendered":"Governo anuncia mudan\u00e7as na Secretaria de Justi\u00e7a e Direitos Humanos"},"content":{"rendered":"<p>O Governo do Estado anuncia nesta quinta-feira,19, mudan\u00e7as na Secretaria de Justi\u00e7a e Direitos Humanos de Pernambuco.  A atual secret\u00e1ria Lucinha Mota foi declarada vereadora eleita de Petrolina e, por isso, comunicou \u00e0 governadora que deixar\u00e1 o cargo. Em seu lugar assume interinamente a Pasta o atual Secret\u00e1rio Executivo de Coordena\u00e7\u00e3o e Gest\u00e3o, Fl\u00e1vio Oliveira. As mudan\u00e7as ser\u00e3o publicadas no Di\u00e1rio Oficial desta sexta-feira, 20.<\/p>\n<p>\u201cAgrade\u00e7o a Lucinha por toda a sua dedica\u00e7\u00e3o ao servi\u00e7o p\u00fablico e tenho certeza que ela seguir\u00e1 defendendo a pauta da Justi\u00e7a, dos Direitos Humanos e outros temas de interesse de sua regi\u00e3o e de Pernambuco em sua nova etapa de vida p\u00fablica\u201d, destacou Raquel Lyra. \u201cLevarei esses meses comigo como um per\u00edodo de aprendizado e muito trabalho em defesa da justi\u00e7a e da garantia de direitos humanos e agrade\u00e7o a Raquel e toda equipe de governo pela confian\u00e7a. Estarei em Petrolina continuando minha luta em favor das causas do Sert\u00e3o e de Pernambuco\u201d, frisou Lucinha Mota.<\/p>\n<p>Interino \u2013 Fl\u00e1vio Oliveira \u00e9 advogado, formado pela UNIP\u00ca \u2013 Centro Universit\u00e1rio de Jo\u00e3o Pessoa e auditor fiscal da Secretaria da Fazenda de Pernambuco.*Governo anuncia mudan\u00e7as na Secretaria de Justi\u00e7a e Direitos Humanos*<\/p>\n<p>O Governo do Estado anuncia nesta quinta-feira,19, mudan\u00e7as na Secretaria de Justi\u00e7a e Direitos Humanos de Pernambuco.  A atual secret\u00e1ria Lucinha Mota foi declarada vereadora eleita de Petrolina e, por isso, comunicou \u00e0 governadora que deixar\u00e1 o cargo. Em seu lugar assume interinamente a Pasta o atual Secret\u00e1rio Executivo de Coordena\u00e7\u00e3o e Gest\u00e3o, Fl\u00e1vio Oliveira. As mudan\u00e7as ser\u00e3o publicadas no Di\u00e1rio Oficial desta sexta-feira, 20.<\/p>\n<p>\u201cAgrade\u00e7o a Lucinha por toda a sua dedica\u00e7\u00e3o ao servi\u00e7o p\u00fablico e tenho certeza que ela seguir\u00e1 defendendo a pauta da Justi\u00e7a, dos Direitos Humanos e outros temas de interesse de sua regi\u00e3o e de Pernambuco em sua nova etapa de vida p\u00fablica\u201d, destacou Raquel Lyra. \u201cLevarei esses meses comigo como um per\u00edodo de aprendizado e muito trabalho em defesa da justi\u00e7a e da garantia de direitos humanos e agrade\u00e7o a Raquel e toda equipe de governo pela confian\u00e7a. Estarei em Petrolina continuando minha luta em favor das causas do Sert\u00e3o e de Pernambuco\u201d, frisou Lucinha Mota.<\/p>\n<p>Interino \u2013 Fl\u00e1vio Oliveira \u00e9 advogado, formado pela UNIP\u00ca \u2013 Centro Universit\u00e1rio de Jo\u00e3o Pessoa e auditor fiscal da Secretaria da Fazenda de Pernambuco. Foto: Divulga\u00e7\u00e3o.<br \/>\nSiga o Instagram do Blog para comentar @blogdoedvaldomagalhaes<br \/>\nSe inscreva no canal do Blog no You Tube<\/p>\n","protected":false},"excerpt":{"rendered":"<p>O Governo do Estado anuncia nesta quinta-feira,19, mudan\u00e7as na Secretaria de Justi\u00e7a e Direitos Humanos de Pernambuco. A atual secret\u00e1ria&hellip;<\/p>\n","protected":false},"author":1,"featured_media":102020,"comment_status":"closed","ping_status":"open","sticky":false,"template":"","format":"standard","meta":{"footnotes":""},"categories":[14122],"tags":[28803,2,28801,3406,28896,20],"class_list":["post-102019","post","type-post","status-publish","format-standard","has-post-thumbnail","hentry","category-politica","tag-blog-com-mais-visualizacoes","tag-blog-do-edvaldo-magalhaes","tag-blog-mais-acessado","tag-caruaru","tag-governo-anuncia-mudancas-na-secretaria-de-justica-e-direitos-humanos","tag-politica"],"_links":{"self":[{"href":"https:\/\/blogdoedvaldomagalhaes.com.br\/index.php\/wp-json\/wp\/v2\/posts\/102019","targetHints":{"allow":["GET"]}}],"collection":[{"href":"https:\/\/blogdoedvaldomagalhaes.com.br\/index.php\/wp-json\/wp\/v2\/posts"}],"about":[{"href":"https:\/\/blogdoedvaldomagalhaes.com.br\/index.php\/wp-json\/wp\/v2\/types\/post"}],"author":[{"embeddable":true,"href":"https:\/\/blogdoedvaldomagalhaes.com.br\/index.php\/wp-json\/wp\/v2\/users\/1"}],"replies":[{"embeddable":true,"href":"https:\/\/blogdoedvaldomagalhaes.com.br\/index.php\/wp-json\/wp\/v2\/comments?post=102019"}],"version-history":[{"count":1,"href":"https:\/\/blogdoedvaldomagalhaes.com.br\/index.php\/wp-json\/wp\/v2\/posts\/102019\/revisions"}],"predecessor-version":[{"id":102021,"href":"https:\/\/blogdoedvaldomagalhaes.com.br\/index.php\/wp-json\/wp\/v2\/posts\/102019\/revisions\/102021"}],"wp:featuredmedia":[{"embeddable":true,"href":"https:\/\/blogdoedvaldomagalhaes.com.br\/index.php\/wp-json\/wp\/v2\/media\/102020"}],"wp:attachment":[{"href":"https:\/\/blogdoedvaldomagalhaes.com.br\/index.php\/wp-json\/wp\/v2\/media?parent=102019"}],"wp:term":[{"taxonomy":"category","embeddable":true,"href":"https:\/\/blogdoedvaldomagalhaes.com.br\/index.php\/wp-json\/wp\/v2\/categories?post=102019"},{"taxonomy":"post_tag","embeddable":true,"href":"https:\/\/blogdoedvaldomagalhaes.com.br\/index.php\/wp-json\/wp\/v2\/tags?post=102019"}],"curies":[{"name":"wp","href":"https:\/\/api.w.org\/{rel}","templated":true}]}}