{"id":102016,"date":"2023-10-19T19:28:10","date_gmt":"2023-10-19T22:28:10","guid":{"rendered":"https:\/\/blogdoedvaldomagalhaes.com.br\/?p=102016"},"modified":"2023-10-19T19:28:11","modified_gmt":"2023-10-19T22:28:11","slug":"direcao-do-hra-se-reune-com-vereadores-de-caruaru-e-mppe-nesta-quinta-feira-19","status":"publish","type":"post","link":"https:\/\/blogdoedvaldomagalhaes.com.br\/index.php\/2023\/10\/19\/direcao-do-hra-se-reune-com-vereadores-de-caruaru-e-mppe-nesta-quinta-feira-19\/","title":{"rendered":"Dire\u00e7\u00e3o do HRA se re\u00fane com vereadores de Caruaru e MPPE nesta quinta-feira (19)"},"content":{"rendered":"<p>Na manh\u00e3 desta quinta-feira (19), a diretora-geral do Hospital Regional do Agreste (HRA), Guacyra Pires, se reuniu com vereadores de Caruaru. O encontro foi realizado na dire\u00e7\u00e3o da unidade. A reuni\u00e3o foi convocada pela diretora-geral a fim de esclarecer d\u00favidas e questionamentos dos parlamentares e abrir espa\u00e7o para o di\u00e1logo com os representantes da popula\u00e7\u00e3o.<\/p>\n<p>\u00c0 frente da dire\u00e7\u00e3o do HRA desde janeiro e servidora da unidade desde 2010, Guacyra Pires escutou demandas, esclareceu diversos pontos e aproveitou para frisar que o maior objetivo do servi\u00e7o p\u00fablico de sa\u00fade \u00e9 atender bem o paciente e os acompanhantes. \u201cO paciente \u00e9 a pe\u00e7a principal no servi\u00e7o p\u00fablico de sa\u00fade. \u00c9 a ele que devemos dedicar nossos esfor\u00e7os, independente de quem seja, porque a gente n\u00e3o deve fazer distin\u00e7\u00e3o. O tratamento \u00e9 igual para todos\u201d, ressaltou. A diretora disponibilizou diversos canais de comunica\u00e7\u00e3o para os parlamentares.<\/p>\n<p>\u201cEssa oportunidade de di\u00e1logo \u00e9 de extrema import\u00e2ncia. \u00c9 evidente que voc\u00eas precisam entender a responsabilidade que n\u00f3s, vereadores, temos e, a n\u00f3s, cabe, claro, ter o filtro e o entendimento do parlamentar dos limites que ele precisa ter. O objetivo dos dois lados \u00e9 ajudar a popula\u00e7\u00e3o e \u00e9 para isso que precisamos estar juntos\u201d, apontou Bruno Lambreta, presidente da C\u00e2mara de Vereadores de Caruaru.<\/p>\n<p>Estiveram presentes os vereadores Anderson Correia, Nelson Diniz, Maur\u00edcio Caruaru, Bruno Lambreta, Irm\u00e3o Ronaldo, Ranilson Enfermeiro, Isaac da Sa\u00fade, Carlinhos da Ceaca, Felipe Jos\u00e9 e Perp\u00e9tua Dantas. Al\u00e9m da diretora-geral, participaram, representando o HRA, o controlador interno Johnson Rodrigues; o advogado Ramonn Melo; e a supervisora de Enfermagem, Sueli Alves.<\/p>\n<p>*MINIST\u00c9RIO P\u00daBLICO* \u2013 Ap\u00f3s a conversa com os parlamentares, a diretora-geral participou de uma reuni\u00e3o, no Minist\u00e9rio P\u00fablico (MPPE), acompanhada do advogado do HRA e do vereador Isaac da Sa\u00fade, presidente da Comiss\u00e3o de Sa\u00fade da C\u00e2mara. Na ocasi\u00e3o, o promotor Giovani Leite esclareceu diversas d\u00favidas com rela\u00e7\u00e3o \u00e0s compet\u00eancias do trabalho de fiscaliza\u00e7\u00e3o dos vereadores. Dentre elas, que cabe \u00e0 Comiss\u00e3o de Sa\u00fade da C\u00e2mara a fiscaliza\u00e7\u00e3o de \u00f3rg\u00e3os municipais. Foto: Divulga\u00e7\u00e3o.<br \/>\nSiga o Instagram do Blog para comentar @blogdoedvaldomagalhaes<br \/>\nSe inscreva no canal do Blog no You Tube<\/p>\n","protected":false},"excerpt":{"rendered":"<p>Na manh\u00e3 desta quinta-feira (19), a diretora-geral do Hospital Regional do Agreste (HRA), Guacyra Pires, se reuniu com vereadores de&hellip;<\/p>\n","protected":false},"author":1,"featured_media":102017,"comment_status":"closed","ping_status":"open","sticky":false,"template":"","format":"standard","meta":{"footnotes":""},"categories":[14120],"tags":[28803,2,28801,3406,28895],"class_list":["post-102016","post","type-post","status-publish","format-standard","has-post-thumbnail","hentry","category-noticias","tag-blog-com-mais-visualizacoes","tag-blog-do-edvaldo-magalhaes","tag-blog-mais-acessado","tag-caruaru","tag-direcao-do-hra-se-reune-com-vereadores-de-caruaru-e-mppe-nesta-quinta-feira-19"],"_links":{"self":[{"href":"https:\/\/blogdoedvaldomagalhaes.com.br\/index.php\/wp-json\/wp\/v2\/posts\/102016","targetHints":{"allow":["GET"]}}],"collection":[{"href":"https:\/\/blogdoedvaldomagalhaes.com.br\/index.php\/wp-json\/wp\/v2\/posts"}],"about":[{"href":"https:\/\/blogdoedvaldomagalhaes.com.br\/index.php\/wp-json\/wp\/v2\/types\/post"}],"author":[{"embeddable":true,"href":"https:\/\/blogdoedvaldomagalhaes.com.br\/index.php\/wp-json\/wp\/v2\/users\/1"}],"replies":[{"embeddable":true,"href":"https:\/\/blogdoedvaldomagalhaes.com.br\/index.php\/wp-json\/wp\/v2\/comments?post=102016"}],"version-history":[{"count":1,"href":"https:\/\/blogdoedvaldomagalhaes.com.br\/index.php\/wp-json\/wp\/v2\/posts\/102016\/revisions"}],"predecessor-version":[{"id":102018,"href":"https:\/\/blogdoedvaldomagalhaes.com.br\/index.php\/wp-json\/wp\/v2\/posts\/102016\/revisions\/102018"}],"wp:featuredmedia":[{"embeddable":true,"href":"https:\/\/blogdoedvaldomagalhaes.com.br\/index.php\/wp-json\/wp\/v2\/media\/102017"}],"wp:attachment":[{"href":"https:\/\/blogdoedvaldomagalhaes.com.br\/index.php\/wp-json\/wp\/v2\/media?parent=102016"}],"wp:term":[{"taxonomy":"category","embeddable":true,"href":"https:\/\/blogdoedvaldomagalhaes.com.br\/index.php\/wp-json\/wp\/v2\/categories?post=102016"},{"taxonomy":"post_tag","embeddable":true,"href":"https:\/\/blogdoedvaldomagalhaes.com.br\/index.php\/wp-json\/wp\/v2\/tags?post=102016"}],"curies":[{"name":"wp","href":"https:\/\/api.w.org\/{rel}","templated":true}]}}