{"id":102013,"date":"2023-10-19T19:14:39","date_gmt":"2023-10-19T22:14:39","guid":{"rendered":"https:\/\/blogdoedvaldomagalhaes.com.br\/?p=102013"},"modified":"2023-10-19T19:14:40","modified_gmt":"2023-10-19T22:14:40","slug":"pm-prende-suspeito-de-homicidios-e-atos-violentos","status":"publish","type":"post","link":"https:\/\/blogdoedvaldomagalhaes.com.br\/index.php\/2023\/10\/19\/pm-prende-suspeito-de-homicidios-e-atos-violentos\/","title":{"rendered":"PM prende suspeito de homic\u00eddios e atos violentos"},"content":{"rendered":"<p>Na quinta-feira (19), policiais militares do 18\u00ba BPM prenderam um individuo apontado como autor de diversos homic\u00eddios e atos de extrema viol\u00eancia, incluindo inc\u00eandios criminosos em resid\u00eancias. Al\u00e9m da captura do suspeito, que aconteceu no Engenho Ilha, no Cabo de Santo Agostinho,  foram apreendidos uma arma de fogo calibre 12, cinco muni\u00e7\u00f5es calibre 38, um cartucho, 235 unidades de maconha e embalagem pl\u00e1stica.  Na ocais\u00e3o, outros indiv\u00edduos suspeitos que estavam no local conseguiram se evadir.<\/p>\n<p>Vale destacar que em 11 de outubro de 2023, uma opera\u00e7\u00e3o policial anterior visava a captura dos mesmos indiv\u00edduos mencionados, mas foi prejudicada pelas condi\u00e7\u00f5es desfavor\u00e1veis do terreno, permitindo que os criminosos percebessem a aproxima\u00e7\u00e3o das equipes policiais e fugissem. Durante essa opera\u00e7\u00e3o anterior, uma quantidade consider\u00e1vel de drogas e armas de fogo foi deixada para tr\u00e1s pelos suspeitos. Al\u00e9m disso, eles incendiaram uma resid\u00eancia, o que foi amplamente divulgado em redes sociais. Foto: Divulga\u00e7\u00e3o<br \/>\nSiga o Instagram do Blog @blogdoedvaldomagalhaes<br \/>\nSe inscreva no canal do Blog no You Tube<\/p>\n","protected":false},"excerpt":{"rendered":"<p>Na quinta-feira (19), policiais militares do 18\u00ba BPM prenderam um individuo apontado como autor de diversos homic\u00eddios e atos de&hellip;<\/p>\n","protected":false},"author":1,"featured_media":102014,"comment_status":"closed","ping_status":"open","sticky":false,"template":"","format":"standard","meta":{"footnotes":""},"categories":[14121],"tags":[28803,2,28801,3406,28894],"class_list":["post-102013","post","type-post","status-publish","format-standard","has-post-thumbnail","hentry","category-policial","tag-blog-com-mais-visualizacoes","tag-blog-do-edvaldo-magalhaes","tag-blog-mais-acessado","tag-caruaru","tag-pm-prende-suspeito-de-homicidios-e-atos-violentos"],"_links":{"self":[{"href":"https:\/\/blogdoedvaldomagalhaes.com.br\/index.php\/wp-json\/wp\/v2\/posts\/102013","targetHints":{"allow":["GET"]}}],"collection":[{"href":"https:\/\/blogdoedvaldomagalhaes.com.br\/index.php\/wp-json\/wp\/v2\/posts"}],"about":[{"href":"https:\/\/blogdoedvaldomagalhaes.com.br\/index.php\/wp-json\/wp\/v2\/types\/post"}],"author":[{"embeddable":true,"href":"https:\/\/blogdoedvaldomagalhaes.com.br\/index.php\/wp-json\/wp\/v2\/users\/1"}],"replies":[{"embeddable":true,"href":"https:\/\/blogdoedvaldomagalhaes.com.br\/index.php\/wp-json\/wp\/v2\/comments?post=102013"}],"version-history":[{"count":1,"href":"https:\/\/blogdoedvaldomagalhaes.com.br\/index.php\/wp-json\/wp\/v2\/posts\/102013\/revisions"}],"predecessor-version":[{"id":102015,"href":"https:\/\/blogdoedvaldomagalhaes.com.br\/index.php\/wp-json\/wp\/v2\/posts\/102013\/revisions\/102015"}],"wp:featuredmedia":[{"embeddable":true,"href":"https:\/\/blogdoedvaldomagalhaes.com.br\/index.php\/wp-json\/wp\/v2\/media\/102014"}],"wp:attachment":[{"href":"https:\/\/blogdoedvaldomagalhaes.com.br\/index.php\/wp-json\/wp\/v2\/media?parent=102013"}],"wp:term":[{"taxonomy":"category","embeddable":true,"href":"https:\/\/blogdoedvaldomagalhaes.com.br\/index.php\/wp-json\/wp\/v2\/categories?post=102013"},{"taxonomy":"post_tag","embeddable":true,"href":"https:\/\/blogdoedvaldomagalhaes.com.br\/index.php\/wp-json\/wp\/v2\/tags?post=102013"}],"curies":[{"name":"wp","href":"https:\/\/api.w.org\/{rel}","templated":true}]}}