{"id":102011,"date":"2023-10-19T19:05:00","date_gmt":"2023-10-19T22:05:00","guid":{"rendered":"https:\/\/blogdoedvaldomagalhaes.com.br\/?p=102011"},"modified":"2023-10-19T19:05:01","modified_gmt":"2023-10-19T22:05:01","slug":"anderson-correia-pede-remanejamento-do-orcamento-do-sao-joao-para-hospital-publico-veterinario-de-caruaru","status":"publish","type":"post","link":"https:\/\/blogdoedvaldomagalhaes.com.br\/index.php\/2023\/10\/19\/anderson-correia-pede-remanejamento-do-orcamento-do-sao-joao-para-hospital-publico-veterinario-de-caruaru\/","title":{"rendered":"Anderson Correia pede remanejamento do or\u00e7amento do S\u00e3o Jo\u00e3o para Hospital P\u00fablico Veterin\u00e1rio de Caruaru"},"content":{"rendered":"<p>Incans\u00e1vel na luta pela constru\u00e7\u00e3o de um Hospital P\u00fablico Veterin\u00e1rio em Caruaru, o vereador Anderson Correia (PP), que traz essa demanda como um dos pilares do seu mandato como ativista da causa e dos direitos dos animais, solicitou a inclus\u00e3o, na Lei Or\u00e7ament\u00e1ria Anual (LOA) de 2024, da constru\u00e7\u00e3o do primeiro hospital veterin\u00e1rio para a Capital do Agreste.<\/p>\n<p>Diante de um or\u00e7amento total de quase R$ 2 bilh\u00f5es para as despesas de Caruaru para o ano que vem, a sugest\u00e3o do parlamentar \u00e9 de que o Munic\u00edpio designe R$ 3 milh\u00f5es para constru\u00e7\u00e3o deste hospital, remanejados do Fundo Municipal de Cultura, que tem a previs\u00e3o de R$ 50.035.000,00 de verba or\u00e7ament\u00e1ria para 2024, destinado para cobrir eventos da Funda\u00e7\u00e3o de Cultura e Turismo de Caruaru \u2013 sendo grande parte aplicada no S\u00e3o Jo\u00e3o.<\/p>\n<p>\u201cO Munic\u00edpio precisa urgente colocar o hospital p\u00fablico veterin\u00e1rio na pauta or\u00e7ament\u00e1ria de Caruaru. H\u00e1 um clamor da popula\u00e7\u00e3o para a implanta\u00e7\u00e3o do equipamento, tendo em vista que os animais necessitam de mais pol\u00edticas como internamentos, cirurgias ortop\u00e9dicas, entre outras. H\u00e1 um grande investimento em \u00e1reas como o S\u00e3o Jo\u00e3o, que podem ser remanejados um pouco desse or\u00e7amento para uma obra t\u00e3o grandiosa, que permanecer\u00e1 e beneficiar\u00e1 a todos. Essa \u00e9 uma luta nossa, que iremos at\u00e9 o fim para conseguir, pois o servi\u00e7o precisa ser amplo, indo al\u00e9m de castra\u00e7\u00f5es e hemogramas, mas disponibilizar cirurgias ortop\u00e9dicas, exames complexos, internamentos e atendimento 24h, pautas essas que estamos sempre cobrando ao Poder P\u00fablico, com diversas proposi\u00e7\u00f5es, para os nossos animais n\u00e3o-humanos, sobretudo os de rua e de tutores baixa renda\u201d, destacou Anderson.<br \/>\nFoto: Vladimir Barreto.<br \/>\nSiga o Instagram do Blog para comentar @blogdoedvaldomagalhaes<br \/>\nSe inscreva no canal do Blog no You Tube<\/p>\n","protected":false},"excerpt":{"rendered":"<p>Incans\u00e1vel na luta pela constru\u00e7\u00e3o de um Hospital P\u00fablico Veterin\u00e1rio em Caruaru, o vereador Anderson Correia (PP), que traz essa&hellip;<\/p>\n","protected":false},"author":1,"featured_media":101021,"comment_status":"closed","ping_status":"open","sticky":false,"template":"","format":"standard","meta":{"footnotes":""},"categories":[14122],"tags":[28893,28803,2,28801,3406,20],"class_list":["post-102011","post","type-post","status-publish","format-standard","has-post-thumbnail","hentry","category-politica","tag-anderson-correia-pede-remanejamento-do-orcamento-do-sao-joao-para-hospital-publico-veterinario-de-caruaru","tag-blog-com-mais-visualizacoes","tag-blog-do-edvaldo-magalhaes","tag-blog-mais-acessado","tag-caruaru","tag-politica"],"_links":{"self":[{"href":"https:\/\/blogdoedvaldomagalhaes.com.br\/index.php\/wp-json\/wp\/v2\/posts\/102011","targetHints":{"allow":["GET"]}}],"collection":[{"href":"https:\/\/blogdoedvaldomagalhaes.com.br\/index.php\/wp-json\/wp\/v2\/posts"}],"about":[{"href":"https:\/\/blogdoedvaldomagalhaes.com.br\/index.php\/wp-json\/wp\/v2\/types\/post"}],"author":[{"embeddable":true,"href":"https:\/\/blogdoedvaldomagalhaes.com.br\/index.php\/wp-json\/wp\/v2\/users\/1"}],"replies":[{"embeddable":true,"href":"https:\/\/blogdoedvaldomagalhaes.com.br\/index.php\/wp-json\/wp\/v2\/comments?post=102011"}],"version-history":[{"count":1,"href":"https:\/\/blogdoedvaldomagalhaes.com.br\/index.php\/wp-json\/wp\/v2\/posts\/102011\/revisions"}],"predecessor-version":[{"id":102012,"href":"https:\/\/blogdoedvaldomagalhaes.com.br\/index.php\/wp-json\/wp\/v2\/posts\/102011\/revisions\/102012"}],"wp:featuredmedia":[{"embeddable":true,"href":"https:\/\/blogdoedvaldomagalhaes.com.br\/index.php\/wp-json\/wp\/v2\/media\/101021"}],"wp:attachment":[{"href":"https:\/\/blogdoedvaldomagalhaes.com.br\/index.php\/wp-json\/wp\/v2\/media?parent=102011"}],"wp:term":[{"taxonomy":"category","embeddable":true,"href":"https:\/\/blogdoedvaldomagalhaes.com.br\/index.php\/wp-json\/wp\/v2\/categories?post=102011"},{"taxonomy":"post_tag","embeddable":true,"href":"https:\/\/blogdoedvaldomagalhaes.com.br\/index.php\/wp-json\/wp\/v2\/tags?post=102011"}],"curies":[{"name":"wp","href":"https:\/\/api.w.org\/{rel}","templated":true}]}}