{"id":102008,"date":"2023-10-19T14:15:19","date_gmt":"2023-10-19T17:15:19","guid":{"rendered":"https:\/\/blogdoedvaldomagalhaes.com.br\/?p=102008"},"modified":"2023-10-19T14:15:19","modified_gmt":"2023-10-19T17:15:19","slug":"vereador-jorge-quintino-propoe-anteprojeto-de-lei-para-garantir-a-escolha-do-parto-cesariano-e-analgesia-em-maternidades-em-caruaru","status":"publish","type":"post","link":"https:\/\/blogdoedvaldomagalhaes.com.br\/index.php\/2023\/10\/19\/vereador-jorge-quintino-propoe-anteprojeto-de-lei-para-garantir-a-escolha-do-parto-cesariano-e-analgesia-em-maternidades-em-caruaru\/","title":{"rendered":"Vereador Jorge Quintino Prop\u00f5e Anteprojeto de Lei para Garantir a Escolha do Parto Cesariano e Analgesia em Maternidades em Caruaru"},"content":{"rendered":"<p><span style=\"font-size: revert;\">O vereador Jorge Quintino est\u00e1 empenhado em assegurar a sa\u00fade e o bem-estar das parturientes do munic\u00edpio de Caruaru. Com isso em mente, o vereador apresentou um anteprojeto de lei que visa proporcionar \u00e0s parturientes a op\u00e7\u00e3o de escolher o parto cesariano e o acesso \u00e0 analgesia durante o processo de parto em todas as maternidades e hospitais, tanto p\u00fablicos quanto privados, em funcionamento em nossa cidade.<\/span><\/p>\n<p>O anteprojeto de lei proposto pelo vereador Jorge Quintino \u00e9 um marco importante no que diz respeito aos direitos reprodutivos e \u00e0 sa\u00fade materna. Ele busca garantir que as parturientes tenham a autonomia de escolher o m\u00e9todo de parto que consideram mais adequado para si, promovendo o respeito \u00e0 decis\u00e3o individual de cada mulher. Al\u00e9m disso, o anteprojeto estabelece a disponibilidade de analgesia, contribuindo para o al\u00edvio da dor e o conforto durante o parto, o que \u00e9 um avan\u00e7o significativo para as parturientes em Caruaru.<\/p>\n<p>O vereador Jorge Quintino acredita que essa iniciativa \u00e9 um passo fundamental para melhorar a qualidade dos servi\u00e7os de sa\u00fade materna em nossa cidade e garantir que as parturientes sejam ouvidas e respeitadas em um momento t\u00e3o importante de suas vidas. Este anteprojeto agora est\u00e1 aberto para discuss\u00e3o e contribui\u00e7\u00f5es de outros membros do legislativo, profissionais de sa\u00fade e da comunidade em geral. O vereador Jorge Quintino est\u00e1 comprometido em colaborar com todos os interessados para aprimorar essa proposta e garantir que ela atenda \u00e0s necessidades da popula\u00e7\u00e3o. Foto: Divulga\u00e7\u00e3o.<\/p>\n<p>Siga o Instagram para comentar @blogdoedvaldomagalhaes<\/p>\n<p>Se inscreva no canal do Blog no You Tube<\/p>\n","protected":false},"excerpt":{"rendered":"<p>O vereador Jorge Quintino est\u00e1 empenhado em assegurar a sa\u00fade e o bem-estar das parturientes do munic\u00edpio de Caruaru. Com&hellip;<\/p>\n","protected":false},"author":1,"featured_media":100329,"comment_status":"closed","ping_status":"open","sticky":false,"template":"","format":"standard","meta":{"footnotes":""},"categories":[14122],"tags":[28803,2,28801,20295,28892],"class_list":["post-102008","post","type-post","status-publish","format-standard","has-post-thumbnail","hentry","category-politica","tag-blog-com-mais-visualizacoes","tag-blog-do-edvaldo-magalhaes","tag-blog-mais-acessado","tag-politica-2","tag-vereador-jorge-quintino-propoe-anteprojeto-de-lei-para-garantir-a-escolha-do-parto-cesariano-e-analgesia-em-maternidades-em-caruaru"],"_links":{"self":[{"href":"https:\/\/blogdoedvaldomagalhaes.com.br\/index.php\/wp-json\/wp\/v2\/posts\/102008","targetHints":{"allow":["GET"]}}],"collection":[{"href":"https:\/\/blogdoedvaldomagalhaes.com.br\/index.php\/wp-json\/wp\/v2\/posts"}],"about":[{"href":"https:\/\/blogdoedvaldomagalhaes.com.br\/index.php\/wp-json\/wp\/v2\/types\/post"}],"author":[{"embeddable":true,"href":"https:\/\/blogdoedvaldomagalhaes.com.br\/index.php\/wp-json\/wp\/v2\/users\/1"}],"replies":[{"embeddable":true,"href":"https:\/\/blogdoedvaldomagalhaes.com.br\/index.php\/wp-json\/wp\/v2\/comments?post=102008"}],"version-history":[{"count":1,"href":"https:\/\/blogdoedvaldomagalhaes.com.br\/index.php\/wp-json\/wp\/v2\/posts\/102008\/revisions"}],"predecessor-version":[{"id":102009,"href":"https:\/\/blogdoedvaldomagalhaes.com.br\/index.php\/wp-json\/wp\/v2\/posts\/102008\/revisions\/102009"}],"wp:featuredmedia":[{"embeddable":true,"href":"https:\/\/blogdoedvaldomagalhaes.com.br\/index.php\/wp-json\/wp\/v2\/media\/100329"}],"wp:attachment":[{"href":"https:\/\/blogdoedvaldomagalhaes.com.br\/index.php\/wp-json\/wp\/v2\/media?parent=102008"}],"wp:term":[{"taxonomy":"category","embeddable":true,"href":"https:\/\/blogdoedvaldomagalhaes.com.br\/index.php\/wp-json\/wp\/v2\/categories?post=102008"},{"taxonomy":"post_tag","embeddable":true,"href":"https:\/\/blogdoedvaldomagalhaes.com.br\/index.php\/wp-json\/wp\/v2\/tags?post=102008"}],"curies":[{"name":"wp","href":"https:\/\/api.w.org\/{rel}","templated":true}]}}