{"id":102003,"date":"2023-10-19T13:48:25","date_gmt":"2023-10-19T16:48:25","guid":{"rendered":"https:\/\/blogdoedvaldomagalhaes.com.br\/?p=102003"},"modified":"2023-10-19T13:50:53","modified_gmt":"2023-10-19T16:50:53","slug":"5a-conferencia-estadual-de-cultura-nova-data-esta-sendo-aguardada","status":"publish","type":"post","link":"https:\/\/blogdoedvaldomagalhaes.com.br\/index.php\/2023\/10\/19\/5a-conferencia-estadual-de-cultura-nova-data-esta-sendo-aguardada\/","title":{"rendered":"5\u00aa Confer\u00eancia Estadual de Cultura: nova data est\u00e1 sendo aguardada"},"content":{"rendered":"<p>Estaria come\u00e7ando nesta sexta, 20 de outubro, a 5\u00aa Confer\u00eancia Estadual de Cultura, no munic\u00edpio de Gravat\u00e1. A mesma foi adiada e ter\u00e1 sua nova data divulgada em breve.<br \/>\nEssa adequa\u00e7\u00e3o de nova data foi necess\u00e1rio por conta de uma altera\u00e7\u00e3o provocada pelo Conselho Nacional de Pol\u00edtica Cultural, que se reuniu decidindo pela prorroga\u00e7\u00e3o da Confer\u00eancia Nacional. A nova data da Nacional ficou definida para ser realizada entre 4 e 8 de mar\u00e7o de 2024.<\/p>\n<p>Segundo informa\u00e7\u00f5es do Governo Federal, as etapas que antecedem o evento em car\u00e1ter nacional tamb\u00e9m sofreram altera\u00e7\u00e3o de prazos. As confer\u00eancias municipais, intermunicipais e livres podem ser realizadas at\u00e9 30 de outubro deste ano. J\u00e1 as estaduais, regionais, territoriais, tem\u00e1ticas e encontros setoriais devem ser conclu\u00eddas at\u00e9 8 de dezembro de 2023.<\/p>\n<p>Entre os pontos avaliados pelo CNPC para alterar a data est\u00e3o a articula\u00e7\u00e3o para uma mobiliza\u00e7\u00e3o social e de conte\u00fado pol\u00edtico amplo; e assegurar a ades\u00e3o dos munic\u00edpios em um processo qualificado e amplo, fortalecendo as etapas tem\u00e1ticas previstas no processo de constru\u00e7\u00e3o do encontro nacional, que ultrapassam os prazos anteriormente estipulados.<\/p>\n<p>Conhe\u00e7a o novo calend\u00e1rio da 4\u00aa CNC:<\/p>\n<p>&#8211; 30\/10\/2023 prazo limite para a realiza\u00e7\u00e3o das confer\u00eancias municipais, intermunicipais e livres<\/p>\n<p>&#8211; 08\/12\/2023 prazo limite para a realiza\u00e7\u00e3o das confer\u00eancias estaduais, regionais, territoriais, tem\u00e1ticas e encontros setoriais<\/p>\n<p>&#8211; 04 a 08\/03\/2024 Confer\u00eancia Nacional de Cultura.<br \/>\nFonte: Blog do Paulo Nailson.<\/p>\n","protected":false},"excerpt":{"rendered":"<p>Estaria come\u00e7ando nesta sexta, 20 de outubro, a 5\u00aa Confer\u00eancia Estadual de Cultura, no munic\u00edpio de Gravat\u00e1. A mesma foi&hellip;<\/p>\n","protected":false},"author":1,"featured_media":102005,"comment_status":"closed","ping_status":"open","sticky":false,"template":"","format":"standard","meta":{"footnotes":""},"categories":[14120],"tags":[28891,28803,2,28801,3406],"class_list":["post-102003","post","type-post","status-publish","format-standard","has-post-thumbnail","hentry","category-noticias","tag-5a-conferencia-estadual-de-cultura-nova-data-esta-sendo-aguardada","tag-blog-com-mais-visualizacoes","tag-blog-do-edvaldo-magalhaes","tag-blog-mais-acessado","tag-caruaru"],"_links":{"self":[{"href":"https:\/\/blogdoedvaldomagalhaes.com.br\/index.php\/wp-json\/wp\/v2\/posts\/102003","targetHints":{"allow":["GET"]}}],"collection":[{"href":"https:\/\/blogdoedvaldomagalhaes.com.br\/index.php\/wp-json\/wp\/v2\/posts"}],"about":[{"href":"https:\/\/blogdoedvaldomagalhaes.com.br\/index.php\/wp-json\/wp\/v2\/types\/post"}],"author":[{"embeddable":true,"href":"https:\/\/blogdoedvaldomagalhaes.com.br\/index.php\/wp-json\/wp\/v2\/users\/1"}],"replies":[{"embeddable":true,"href":"https:\/\/blogdoedvaldomagalhaes.com.br\/index.php\/wp-json\/wp\/v2\/comments?post=102003"}],"version-history":[{"count":2,"href":"https:\/\/blogdoedvaldomagalhaes.com.br\/index.php\/wp-json\/wp\/v2\/posts\/102003\/revisions"}],"predecessor-version":[{"id":102007,"href":"https:\/\/blogdoedvaldomagalhaes.com.br\/index.php\/wp-json\/wp\/v2\/posts\/102003\/revisions\/102007"}],"wp:featuredmedia":[{"embeddable":true,"href":"https:\/\/blogdoedvaldomagalhaes.com.br\/index.php\/wp-json\/wp\/v2\/media\/102005"}],"wp:attachment":[{"href":"https:\/\/blogdoedvaldomagalhaes.com.br\/index.php\/wp-json\/wp\/v2\/media?parent=102003"}],"wp:term":[{"taxonomy":"category","embeddable":true,"href":"https:\/\/blogdoedvaldomagalhaes.com.br\/index.php\/wp-json\/wp\/v2\/categories?post=102003"},{"taxonomy":"post_tag","embeddable":true,"href":"https:\/\/blogdoedvaldomagalhaes.com.br\/index.php\/wp-json\/wp\/v2\/tags?post=102003"}],"curies":[{"name":"wp","href":"https:\/\/api.w.org\/{rel}","templated":true}]}}