{"id":101997,"date":"2023-10-19T10:38:53","date_gmt":"2023-10-19T13:38:53","guid":{"rendered":"https:\/\/blogdoedvaldomagalhaes.com.br\/?p=101997"},"modified":"2023-10-19T10:38:53","modified_gmt":"2023-10-19T13:38:53","slug":"pm-debela-ponto-de-venda-de-drogas-em-residencia","status":"publish","type":"post","link":"https:\/\/blogdoedvaldomagalhaes.com.br\/index.php\/2023\/10\/19\/pm-debela-ponto-de-venda-de-drogas-em-residencia\/","title":{"rendered":"PM debela ponto de venda de drogas em resid\u00eancia"},"content":{"rendered":"<p>Policiais militares do 1\u00ba BPM debelaram um ponto de venda de drogas, na madrugada desta quinta-feira (19\/10), na Rua Rio de Janeiro, em Cidade Tabajara, Olinda. A equipe levantou que um homem estava realizando o com\u00e9rcio ilegal pr\u00f3ximo a sua resid\u00eancia e que estaria com certa quantidade de entorpecentes.<\/p>\n<p>Foi feita a checagem e ao chegar no endere\u00e7o, que estava com a porta  aberta, o suspeito foi avistado com um pequeno pacote preto, constatado se tratar de maconha. Foi feita uma busca mais detalhada, e localizado na geladeira uma embalagem maior, com 1,5kg da mesma droga.<\/p>\n<p>Durante busca no quintal, o efetivo localizou, ainda, seis vasos com um p\u00e9 da erva em cada um. Diante dos fatos, o envolvido e todo o material apreendido foram apresentados na Delegacia do Varadouro, para a ado\u00e7\u00e3o das medidas legais.<br \/>\nFoto: Divulga\u00e7\u00e3o\/PMPE.<br \/>\nSiga o Instagram do Blog @blogdoedvaldomagalhaes<br \/>\nSe inscreva no canal do Blog no You Tube<\/p>\n","protected":false},"excerpt":{"rendered":"<p>Policiais militares do 1\u00ba BPM debelaram um ponto de venda de drogas, na madrugada desta quinta-feira (19\/10), na Rua Rio&hellip;<\/p>\n","protected":false},"author":1,"featured_media":101998,"comment_status":"closed","ping_status":"open","sticky":false,"template":"","format":"standard","meta":{"footnotes":""},"categories":[14121],"tags":[28803,2,28801,3406,28889],"class_list":["post-101997","post","type-post","status-publish","format-standard","has-post-thumbnail","hentry","category-policial","tag-blog-com-mais-visualizacoes","tag-blog-do-edvaldo-magalhaes","tag-blog-mais-acessado","tag-caruaru","tag-pm-debela-outro-ponto-de-venda-de-drogas-em-olinda"],"_links":{"self":[{"href":"https:\/\/blogdoedvaldomagalhaes.com.br\/index.php\/wp-json\/wp\/v2\/posts\/101997","targetHints":{"allow":["GET"]}}],"collection":[{"href":"https:\/\/blogdoedvaldomagalhaes.com.br\/index.php\/wp-json\/wp\/v2\/posts"}],"about":[{"href":"https:\/\/blogdoedvaldomagalhaes.com.br\/index.php\/wp-json\/wp\/v2\/types\/post"}],"author":[{"embeddable":true,"href":"https:\/\/blogdoedvaldomagalhaes.com.br\/index.php\/wp-json\/wp\/v2\/users\/1"}],"replies":[{"embeddable":true,"href":"https:\/\/blogdoedvaldomagalhaes.com.br\/index.php\/wp-json\/wp\/v2\/comments?post=101997"}],"version-history":[{"count":1,"href":"https:\/\/blogdoedvaldomagalhaes.com.br\/index.php\/wp-json\/wp\/v2\/posts\/101997\/revisions"}],"predecessor-version":[{"id":101999,"href":"https:\/\/blogdoedvaldomagalhaes.com.br\/index.php\/wp-json\/wp\/v2\/posts\/101997\/revisions\/101999"}],"wp:featuredmedia":[{"embeddable":true,"href":"https:\/\/blogdoedvaldomagalhaes.com.br\/index.php\/wp-json\/wp\/v2\/media\/101998"}],"wp:attachment":[{"href":"https:\/\/blogdoedvaldomagalhaes.com.br\/index.php\/wp-json\/wp\/v2\/media?parent=101997"}],"wp:term":[{"taxonomy":"category","embeddable":true,"href":"https:\/\/blogdoedvaldomagalhaes.com.br\/index.php\/wp-json\/wp\/v2\/categories?post=101997"},{"taxonomy":"post_tag","embeddable":true,"href":"https:\/\/blogdoedvaldomagalhaes.com.br\/index.php\/wp-json\/wp\/v2\/tags?post=101997"}],"curies":[{"name":"wp","href":"https:\/\/api.w.org\/{rel}","templated":true}]}}