{"id":101994,"date":"2023-10-19T09:39:12","date_gmt":"2023-10-19T12:39:12","guid":{"rendered":"https:\/\/blogdoedvaldomagalhaes.com.br\/?p=101994"},"modified":"2023-10-19T09:39:13","modified_gmt":"2023-10-19T12:39:13","slug":"campanha-de-multivacinacao-dia-d-de-vacinacao-para-criancas-e-adolescentes-neste-sabado-21","status":"publish","type":"post","link":"https:\/\/blogdoedvaldomagalhaes.com.br\/index.php\/2023\/10\/19\/campanha-de-multivacinacao-dia-d-de-vacinacao-para-criancas-e-adolescentes-neste-sabado-21\/","title":{"rendered":"Campanha de Multivacina\u00e7\u00e3o: Dia \u201cD\u201d de vacina\u00e7\u00e3o para crian\u00e7as e adolescentes neste s\u00e1bado (21)"},"content":{"rendered":"<p>A Secretaria de Sa\u00fade de Caruaru (SMS), por meio do Programa Municipal de Imuniza\u00e7\u00e3o (PMI), realiza, neste s\u00e1bado (21), o Dia \u201cD\u201d da Campanha Nacional de Multivacina\u00e7\u00e3o para crian\u00e7as e adolescentes com at\u00e9 14 anos. Neste dia, as Unidades B\u00e1sicas de Sa\u00fade (UBS\u2019s) do munic\u00edpio estar\u00e3o abertas, realizando a multivacina\u00e7\u00e3o desse p\u00fablico. Na zona urbana, a vacina\u00e7\u00e3o vai ser em todas as unidades, das 08h \u00e0s 16h. J\u00e1 na zona rural, a vacina\u00e7\u00e3o vai acontecer das 08h \u00e0s 15h, nas UBS\u2019s das Vilas do Rafael, Peladas, Cana\u00e3 e Murici.<\/p>\n<p>Al\u00e9m das UBS\u2019s, a vacina\u00e7\u00e3o no Dia \u201cD\u201d vai acontecer nesses pontos de vacina\u00e7\u00e3o:<\/p>\n<p>Caruaru Shopping: das 10h \u00e0s 17h;<br \/>\nShopping Difusora: das 10h \u00e0s 17h;<br \/>\nBonanza (da Avenida Portugal): das 8h \u00e0s 16h;<br \/>\nUnicompra: das 8h \u00e0s 16h;<br \/>\nMarco Zero: das 8h \u00e0s 15h.<\/p>\n<p>No ato da vacina\u00e7\u00e3o, os pais ou respons\u00e1veis precisar\u00e3o levar o cart\u00e3o do SUS ou CPF dos filhos, assim como o cart\u00e3o de vacina\u00e7\u00e3o.<\/p>\n<p>\u201c\u00c9 essencial manter a caderneta vacinal atualizada como nossa grande aliada para a preven\u00e7\u00e3o e controle de doen\u00e7as imunopreven\u00edveis\u201d, enfatizou a coordenadora do Programa Municipal de Imuniza\u00e7\u00e3o de Caruaru (PMI), Tatiane Lino.<\/p>\n<p>As vacinas que ser\u00e3o disponibilizadas para a atualiza\u00e7\u00e3o vacinal durante a campanha s\u00e3o: rotav\u00edrus (diarreia), poliomielite oral e intramuscular (paralisia infantil), pentavalente (difteria, t\u00e9tano, coqueluche, hepatite B, Haemophilus influenza tipo B- Hib), pneumoc\u00f3cica, meningoc\u00f3cica, DTP, tr\u00edplice viral (sarampo, caxumba e rub\u00e9ola), HPV (previne o c\u00e2ncer de colo de \u00fatero e verrugas genitais), meningo ACWy, febre amarela, varicela e hepatite A, bem como a vacina contra a Covid-19 para crian\u00e7as a partir de 6 meses.<\/p>\n<p>Durante o per\u00edodo da campanha em todo o estado, que \u00e9 de sete a 29 de outubro, a vacina\u00e7\u00e3o ser\u00e1 disponibilizada em Caruaru de segunda a sexta, em todas as Unidades B\u00e1sicas de Sa\u00fade (UBS\u2019s), das 08h \u00e0s 16h, na zona urbana, e das 08h \u00e0s 15h, na zona rural.<\/p>\n<p>*Servi\u00e7o:*<\/p>\n<p>Dia \u201cD\u201d da Campanha de Multivacina\u00e7\u00e3o em Caruaru para crian\u00e7as e adolescentes de zero a 14 anos.<br \/>\n. Dia: 21.10.2023 (s\u00e1bado)<br \/>\n. Locais:<br \/>\n&#8211; UBS\u2019s da zona urbana: das 08h \u00e0s 16h;<br \/>\n&#8211; UBS\u2019s da zona rural: Vilas do Rafael, Peladas, Cana\u00e3 e Murici, das 08h \u00e0s 15h;<br \/>\n&#8211; Caruaru Shopping: das 10h \u00e0s 17h;<br \/>\n&#8211; Shopping Difusora: das 10h \u00e0s 17h;<br \/>\n&#8211; Bonanza (da Avenida Portugal): das 8h \u00e0s 16h;<br \/>\n&#8211; Unicompra: das 8h \u00e0s 16h;<br \/>\n&#8211; Marco Zero: das 8h \u00e0s 15h.<br \/>\n&#8211; P\u00fablico-alvo: Crian\u00e7as e adolescentes com at\u00e9 14 anos.<br \/>\nFotos: Jorge Farias\/ Secom\/PMC<br \/>\nSiga o Instagram do Blog para comentar @blogdoedvaldomagalhaes<br \/>\nSe inscreva no canal do Blog no You Tube<\/p>\n","protected":false},"excerpt":{"rendered":"<p>A Secretaria de Sa\u00fade de Caruaru (SMS), por meio do Programa Municipal de Imuniza\u00e7\u00e3o (PMI), realiza, neste s\u00e1bado (21), o&hellip;<\/p>\n","protected":false},"author":1,"featured_media":101995,"comment_status":"closed","ping_status":"open","sticky":false,"template":"","format":"standard","meta":{"footnotes":""},"categories":[14120],"tags":[28803,2,28801,28888,3406],"class_list":["post-101994","post","type-post","status-publish","format-standard","has-post-thumbnail","hentry","category-noticias","tag-blog-com-mais-visualizacoes","tag-blog-do-edvaldo-magalhaes","tag-blog-mais-acessado","tag-campanha-de-multivacinacao-dia-d-de-vacinacao-para-criancas-e-adolescentes-neste-sabado-21","tag-caruaru"],"_links":{"self":[{"href":"https:\/\/blogdoedvaldomagalhaes.com.br\/index.php\/wp-json\/wp\/v2\/posts\/101994","targetHints":{"allow":["GET"]}}],"collection":[{"href":"https:\/\/blogdoedvaldomagalhaes.com.br\/index.php\/wp-json\/wp\/v2\/posts"}],"about":[{"href":"https:\/\/blogdoedvaldomagalhaes.com.br\/index.php\/wp-json\/wp\/v2\/types\/post"}],"author":[{"embeddable":true,"href":"https:\/\/blogdoedvaldomagalhaes.com.br\/index.php\/wp-json\/wp\/v2\/users\/1"}],"replies":[{"embeddable":true,"href":"https:\/\/blogdoedvaldomagalhaes.com.br\/index.php\/wp-json\/wp\/v2\/comments?post=101994"}],"version-history":[{"count":1,"href":"https:\/\/blogdoedvaldomagalhaes.com.br\/index.php\/wp-json\/wp\/v2\/posts\/101994\/revisions"}],"predecessor-version":[{"id":101996,"href":"https:\/\/blogdoedvaldomagalhaes.com.br\/index.php\/wp-json\/wp\/v2\/posts\/101994\/revisions\/101996"}],"wp:featuredmedia":[{"embeddable":true,"href":"https:\/\/blogdoedvaldomagalhaes.com.br\/index.php\/wp-json\/wp\/v2\/media\/101995"}],"wp:attachment":[{"href":"https:\/\/blogdoedvaldomagalhaes.com.br\/index.php\/wp-json\/wp\/v2\/media?parent=101994"}],"wp:term":[{"taxonomy":"category","embeddable":true,"href":"https:\/\/blogdoedvaldomagalhaes.com.br\/index.php\/wp-json\/wp\/v2\/categories?post=101994"},{"taxonomy":"post_tag","embeddable":true,"href":"https:\/\/blogdoedvaldomagalhaes.com.br\/index.php\/wp-json\/wp\/v2\/tags?post=101994"}],"curies":[{"name":"wp","href":"https:\/\/api.w.org\/{rel}","templated":true}]}}