{"id":101986,"date":"2023-10-18T19:33:16","date_gmt":"2023-10-18T22:33:16","guid":{"rendered":"https:\/\/blogdoedvaldomagalhaes.com.br\/?p=101986"},"modified":"2023-10-18T19:33:18","modified_gmt":"2023-10-18T22:33:18","slug":"vereador-irmao-ronaldo-solicita-construcao-de-praca-jardim-panorama","status":"publish","type":"post","link":"https:\/\/blogdoedvaldomagalhaes.com.br\/index.php\/2023\/10\/18\/vereador-irmao-ronaldo-solicita-construcao-de-praca-jardim-panorama\/","title":{"rendered":"Vereador Irm\u00e3o Ronaldo solicita constru\u00e7\u00e3o de pra\u00e7a Jardim Panorama"},"content":{"rendered":"<p>REQUERIMENTOS SOLICITADOS DE AUTORIA DO VEREADOR IRM\u00c3O RONALDO<\/p>\n<p>O vereador Irm\u00e3o Ronaldo solicita para que a prefeitura envidem esfor\u00e7os para fazer a complementa\u00e7\u00e3o da cal\u00e7ada na Rua Santa Maria da Boa Vista, na localiza\u00e7\u00e3o da Rotat\u00f3ria passando pela ACACE at\u00e9 o termino da rua.<\/p>\n<p>Reiterando requerimento 2719\/2022 para que se viabilize a Constru\u00e7\u00e3o de cal\u00e7amento, Saneamento B\u00e1sico e fixa\u00e7\u00e3o das placas constando o Nome e CEP das ruas: RUA ADEILTON LOUREN\u00c7O DA SILVA, RUA MARIA LEOPOLDINA DO NASCIMENTO e RUA JOSINA TORRES ambas localizadas no bairro Posto Agamenon.<\/p>\n<p>Reiterando requerimento 2720\/2022 para que se viabilize a Constru\u00e7\u00e3o de uma Pra\u00e7a Moderna no espa\u00e7o que fica Localizado em frente \u00e0 Igreja Cat\u00f3lica, na Rua J\u00e2nio Quadros, bairro Jardim Panorama.<\/p>\n<p>Reiterando requerimento 2738\/2022 Viabilize a Constru\u00e7\u00e3o de uma Pra\u00e7a Moderna no espa\u00e7o que fica Localizado no extenso terreno na Rua Presidente Caf\u00e9 Filho, no Bairro Jardim Panorama.<\/p>\n<p>Reiterando requerimento 2742\/2022 Constru\u00e7\u00e3o de cal\u00e7amento e Saneamento B\u00e1sico nas ruas do S\u00edtio Salinas 1\u00ba Distrito.<br \/>\nSiga o Instagram do Blog @blogdoedvaldomagalhaes<br \/>\nSe inscreva no canal do Blog no You Tube<\/p>\n","protected":false},"excerpt":{"rendered":"<p>REQUERIMENTOS SOLICITADOS DE AUTORIA DO VEREADOR IRM\u00c3O RONALDO O vereador Irm\u00e3o Ronaldo solicita para que a prefeitura envidem esfor\u00e7os para&hellip;<\/p>\n","protected":false},"author":1,"featured_media":101492,"comment_status":"closed","ping_status":"open","sticky":false,"template":"","format":"standard","meta":{"footnotes":""},"categories":[14122],"tags":[28803,2,28801,3406,28885],"class_list":["post-101986","post","type-post","status-publish","format-standard","has-post-thumbnail","hentry","category-politica","tag-blog-com-mais-visualizacoes","tag-blog-do-edvaldo-magalhaes","tag-blog-mais-acessado","tag-caruaru","tag-vereador-irmao-ronaldo-solicita-construcao-de-praca-jardim-panorama"],"_links":{"self":[{"href":"https:\/\/blogdoedvaldomagalhaes.com.br\/index.php\/wp-json\/wp\/v2\/posts\/101986","targetHints":{"allow":["GET"]}}],"collection":[{"href":"https:\/\/blogdoedvaldomagalhaes.com.br\/index.php\/wp-json\/wp\/v2\/posts"}],"about":[{"href":"https:\/\/blogdoedvaldomagalhaes.com.br\/index.php\/wp-json\/wp\/v2\/types\/post"}],"author":[{"embeddable":true,"href":"https:\/\/blogdoedvaldomagalhaes.com.br\/index.php\/wp-json\/wp\/v2\/users\/1"}],"replies":[{"embeddable":true,"href":"https:\/\/blogdoedvaldomagalhaes.com.br\/index.php\/wp-json\/wp\/v2\/comments?post=101986"}],"version-history":[{"count":1,"href":"https:\/\/blogdoedvaldomagalhaes.com.br\/index.php\/wp-json\/wp\/v2\/posts\/101986\/revisions"}],"predecessor-version":[{"id":101987,"href":"https:\/\/blogdoedvaldomagalhaes.com.br\/index.php\/wp-json\/wp\/v2\/posts\/101986\/revisions\/101987"}],"wp:featuredmedia":[{"embeddable":true,"href":"https:\/\/blogdoedvaldomagalhaes.com.br\/index.php\/wp-json\/wp\/v2\/media\/101492"}],"wp:attachment":[{"href":"https:\/\/blogdoedvaldomagalhaes.com.br\/index.php\/wp-json\/wp\/v2\/media?parent=101986"}],"wp:term":[{"taxonomy":"category","embeddable":true,"href":"https:\/\/blogdoedvaldomagalhaes.com.br\/index.php\/wp-json\/wp\/v2\/categories?post=101986"},{"taxonomy":"post_tag","embeddable":true,"href":"https:\/\/blogdoedvaldomagalhaes.com.br\/index.php\/wp-json\/wp\/v2\/tags?post=101986"}],"curies":[{"name":"wp","href":"https:\/\/api.w.org\/{rel}","templated":true}]}}