{"id":101974,"date":"2023-10-18T14:02:17","date_gmt":"2023-10-18T17:02:17","guid":{"rendered":"https:\/\/blogdoedvaldomagalhaes.com.br\/?p=101974"},"modified":"2023-10-18T14:02:18","modified_gmt":"2023-10-18T17:02:18","slug":"caruaru-tera-representantes-entre-os-jurados-do-premio-multishow-2023","status":"publish","type":"post","link":"https:\/\/blogdoedvaldomagalhaes.com.br\/index.php\/2023\/10\/18\/caruaru-tera-representantes-entre-os-jurados-do-premio-multishow-2023\/","title":{"rendered":"Caruaru ter\u00e1 representantes entre os jurados do Pr\u00eamio Multishow 2023"},"content":{"rendered":"<p>Caruaru, conhecida dentro e fora do pa\u00eds por sua cultura diversa, ter\u00e1 dois representantes no Pr\u00eamio Multishow 2023, uma das maiores premia\u00e7\u00f5es da m\u00fasica brasileira. Esta \u00e9 uma forma de reconhecer a import\u00e2ncia do munic\u00edpio no cen\u00e1rio musical, que tem nomes como Onildo Almeida e Azul\u00e3o, por exemplo.<\/p>\n<p>A Prefeitura de Caruaru, por meio da Funda\u00e7\u00e3o de Cultura (FCC), ter\u00e1 uma representante entre os jurados do Pr\u00eamio Multishow 2023. A gerente de projetos da FCC, J\u00f4 Barbosa, e o artista Douglas Leon foram escolhidos para integrar a Academia Multishow de 30 anos.<\/p>\n<p>De acordo com J\u00f4, o convite para ser jurada partiu da TV Asa Branca, emissora afiliada \u00e0 Rede Globo em Caruaru, que indicou alguns nomes da cultura do munic\u00edpio para participar do evento. \u201cA TV mandou os nomes para a Globo Rio e eu fui selecionada junto com Douglas\u201d, comemorou a gerente de projetos.<\/p>\n<p>A cerim\u00f4nia de premia\u00e7\u00e3o do Pr\u00eamio Multishow 2023 ser\u00e1 realizada no dia 7 de novembro. Tanto J\u00f4 como Douglas estar\u00e3o presentes no Rio de Janeiro, na Jeunesse Arena, para acompanhar o evento. Os apresentadores deste ano ser\u00e3o Tat\u00e1 Werneck, Tadeu Schmidt e Ludmilla.<br \/>\nFoto: Elvis \u00c9dson\/PMC\/Secom<br \/>\nSiga o Instagram do Blog @blogodoedvaldomagalhaes<br \/>\nSe inscreva no canal do Blog no You Tube<\/p>\n","protected":false},"excerpt":{"rendered":"<p>Caruaru, conhecida dentro e fora do pa\u00eds por sua cultura diversa, ter\u00e1 dois representantes no Pr\u00eamio Multishow 2023, uma das&hellip;<\/p>\n","protected":false},"author":1,"featured_media":101975,"comment_status":"closed","ping_status":"open","sticky":false,"template":"","format":"standard","meta":{"footnotes":""},"categories":[14120],"tags":[28803,2,28801,3406,28880],"class_list":["post-101974","post","type-post","status-publish","format-standard","has-post-thumbnail","hentry","category-noticias","tag-blog-com-mais-visualizacoes","tag-blog-do-edvaldo-magalhaes","tag-blog-mais-acessado","tag-caruaru","tag-caruaru-tera-representantes-entre-os-jurados-do-premio-multishow-2023"],"_links":{"self":[{"href":"https:\/\/blogdoedvaldomagalhaes.com.br\/index.php\/wp-json\/wp\/v2\/posts\/101974","targetHints":{"allow":["GET"]}}],"collection":[{"href":"https:\/\/blogdoedvaldomagalhaes.com.br\/index.php\/wp-json\/wp\/v2\/posts"}],"about":[{"href":"https:\/\/blogdoedvaldomagalhaes.com.br\/index.php\/wp-json\/wp\/v2\/types\/post"}],"author":[{"embeddable":true,"href":"https:\/\/blogdoedvaldomagalhaes.com.br\/index.php\/wp-json\/wp\/v2\/users\/1"}],"replies":[{"embeddable":true,"href":"https:\/\/blogdoedvaldomagalhaes.com.br\/index.php\/wp-json\/wp\/v2\/comments?post=101974"}],"version-history":[{"count":1,"href":"https:\/\/blogdoedvaldomagalhaes.com.br\/index.php\/wp-json\/wp\/v2\/posts\/101974\/revisions"}],"predecessor-version":[{"id":101976,"href":"https:\/\/blogdoedvaldomagalhaes.com.br\/index.php\/wp-json\/wp\/v2\/posts\/101974\/revisions\/101976"}],"wp:featuredmedia":[{"embeddable":true,"href":"https:\/\/blogdoedvaldomagalhaes.com.br\/index.php\/wp-json\/wp\/v2\/media\/101975"}],"wp:attachment":[{"href":"https:\/\/blogdoedvaldomagalhaes.com.br\/index.php\/wp-json\/wp\/v2\/media?parent=101974"}],"wp:term":[{"taxonomy":"category","embeddable":true,"href":"https:\/\/blogdoedvaldomagalhaes.com.br\/index.php\/wp-json\/wp\/v2\/categories?post=101974"},{"taxonomy":"post_tag","embeddable":true,"href":"https:\/\/blogdoedvaldomagalhaes.com.br\/index.php\/wp-json\/wp\/v2\/tags?post=101974"}],"curies":[{"name":"wp","href":"https:\/\/api.w.org\/{rel}","templated":true}]}}