{"id":101969,"date":"2023-10-18T12:00:24","date_gmt":"2023-10-18T15:00:24","guid":{"rendered":"https:\/\/blogdoedvaldomagalhaes.com.br\/?p=101969"},"modified":"2023-10-18T12:01:11","modified_gmt":"2023-10-18T15:01:11","slug":"chegada-da-primavera-aumenta-casos-de-doencas-respiratorias","status":"publish","type":"post","link":"https:\/\/blogdoedvaldomagalhaes.com.br\/index.php\/2023\/10\/18\/chegada-da-primavera-aumenta-casos-de-doencas-respiratorias\/","title":{"rendered":"Chegada da primavera aumenta casos de doen\u00e7as respirat\u00f3rias"},"content":{"rendered":"<p><span class=\"s3\" style=\"font-size: revert\"><span class=\"bumpedFont15\">Com o fim do inverno, a chegada da<\/span><\/span><span class=\"s3\" style=\"font-size: revert\"><span class=\"bumpedFont15\"> primavera e o tempo mais seco, crescem nesta \u00e9poca do ano os casos de doen\u00e7as como rinite, <\/span><\/span><span class=\"s3\" style=\"font-size: revert\"><span class=\"bumpedFont15\">sinusite, bronquite e asma<\/span><\/span><span class=\"s3\" style=\"font-size: revert\"><span class=\"bumpedFont15\">. De acordo com dados d<\/span><\/span><span class=\"s3\" style=\"font-size: revert\"><span class=\"bumpedFont15\">a Associa\u00e7\u00e3o Brasileira de Alergia e Imunologia (ASBAI), cerca de 30% dos brasileiros sofre <\/span><\/span><span class=\"s3\" style=\"font-size: revert\"><span class=\"bumpedFont15\">de alguma alergia respirat\u00f3ria.<\/span><\/span><\/p>\n<p><span class=\"s3\"><span class=\"bumpedFont15\">A transi\u00e7\u00e3o para o clima quente traz <\/span><\/span><span class=\"s3\"><span class=\"bumpedFont15\">mais<\/span><\/span><span class=\"s3\"><span class=\"bumpedFont15\"> poluentes no ar, maior circula\u00e7\u00e3o de p\u00f3len e varia\u00e7\u00f5es de temperatura. <\/span><\/span><span class=\"s3\"><span class=\"bumpedFont15\">\u201c<\/span><\/span><span class=\"s3\"><span class=\"bumpedFont15\">O aumento da poliniza\u00e7\u00e3o, caracter\u00edstica da \u00e9poca, aumenta o conta<\/span><\/span><span class=\"s3\"><span class=\"bumpedFont15\">to do indiv\u00edduo com esse <\/span><\/span><span class=\"s3\"><span class=\"bumpedFont15\">aeroal\u00e9<\/span><\/span><span class=\"s3\"><span class=\"bumpedFont15\">rgeno<\/span><\/span><span class=\"s3\"><span class=\"bumpedFont15\">, precipitando a crise<\/span><\/span><span class=\"s3\"><span class=\"bumpedFont15\">\u201d, explica a otorrinolaringologista Raquel Rodrigues, do HOPE, hospital integrante do grupo Vision <\/span><\/span><span class=\"s3\"><span class=\"bumpedFont15\">One<\/span><\/span><span class=\"s3\"><span class=\"bumpedFont15\">.<\/span><\/span><\/p>\n<p><span class=\"s3\"><span class=\"bumpedFont15\">Uma das doen\u00e7as mais comuns do per\u00edodo \u00e9 a rinite al\u00e9rgica. Os sintomas incluem espirros frequentes, coriza, coceira na garganta e olhos, al\u00e9m de congest\u00e3o nasal.<\/span><\/span> <span class=\"s3\"><span class=\"bumpedFont15\">Al\u00e9m da rinite, h\u00e1 tamb\u00e9m a conjuntivite al\u00e9rgica, que se caracteriza pelos<\/span><\/span> <span class=\"s3\"><span class=\"bumpedFont15\">o<\/span><\/span><span class=\"s3\"><span class=\"bumpedFont15\">lhos vermelhos, lacrimeja<\/span><\/span><span class=\"s3\"><span class=\"bumpedFont15\">mento <\/span><\/span><span class=\"s3\"><span class=\"bumpedFont15\">e sensa\u00e7\u00e3o de areia nos <\/span><\/span><span class=\"s3\"><span class=\"bumpedFont15\">olhos. J\u00e1 as pessoas que j\u00e1 sofrem de alguma alergia respirat\u00f3ria, como a asma, tamb\u00e9m podem sofrer com um agravamento dos sintomas, como <\/span><\/span><span class=\"s3\"><span class=\"bumpedFont15\">tosse, chiado no peito, falta de ar e abertura no peito<\/span><\/span><span class=\"s3\"><span class=\"bumpedFont15\">.<\/span><\/span><\/p>\n<p><span class=\"s3\"><span class=\"bumpedFont15\">\u201c<\/span><\/span><span class=\"s3\"><span class=\"bumpedFont15\">Os sintomas mais comuns s\u00e3o obstru\u00e7\u00e3o nasal, coriza, espirros e prurido (coceira) nasal e ocular, que pode acarretar tamb\u00e9m quadros<\/span><\/span><span class=\"s3\"><span class=\"bumpedFont15\"> de conjuntivite. <\/span><\/span><span class=\"s3\"><span class=\"bumpedFont15\">Esses sintomas causam preju\u00edzo na qualidade de vida e se confundem muito com quadros infecciosos<\/span><\/span><span class=\"s3\"><span class=\"bumpedFont15\">\u201d, aponta a otorrinolaringologista Raquel Rodrigues.<\/span><\/span><\/p>\n<p><span class=\"s3\"><span class=\"bumpedFont15\">Para se prevenir, \u00e9 poss\u00edv<\/span><\/span><span class=\"s3\"><span class=\"bumpedFont15\">el adotar <\/span><\/span><span class=\"s3\"><span class=\"bumpedFont15\">algumas provid\u00eancias<\/span><\/span><span class=\"s3\"><span class=\"bumpedFont15\">. <\/span><\/span><span class=\"s3\"><span class=\"bumpedFont15\">\u201c<\/span><\/span><span class=\"s3\"><span class=\"bumpedFont15\">Os cuidados devem ser redobrados com a o ambiente do<\/span><\/span><span class=\"s3\"><span class=\"bumpedFont15\">miciliar. Manter a casa arejada e<\/span><\/span><span class=\"s3\"><span class=\"bumpedFont15\"> evitar varrer o quarto para n\u00e3o<\/span><\/span><span class=\"s3\"><span class=\"bumpedFont15\"> dispersar a poeira dom\u00e9stica, que \u00e9 <\/span><\/span><span class=\"s3\"><span class=\"bumpedFont15\">onde se encont<\/span><\/span><span class=\"s3\"><span class=\"bumpedFont15\">ra a maior quantidade de \u00e1caros.<\/span><\/span> <span class=\"s3\"><span class=\"bumpedFont15\">O <\/span><\/span><span class=\"s3\"><span class=\"bumpedFont15\">ideal<\/span><\/span><span class=\"s3\"><span class=\"bumpedFont15\"> \u00e9<\/span><\/span> <span class=\"s3\"><span class=\"bumpedFont15\">aspirar ou passar um pano \u00famido\u201d, ensin<\/span><\/span><span class=\"s3\"><span class=\"bumpedFont15\">a<\/span><\/span><span class=\"s3\"><span class=\"bumpedFont15\"> a otorrinolaringologista Karla Beltr\u00e3o, do Hospital Santa Luzia, tamb\u00e9m do grupo Vision <\/span><\/span><span class=\"s3\"><span class=\"bumpedFont15\">One.<\/span><\/span><\/p>\n<p><span class=\"s3\"><span class=\"bumpedFont15\">Outra medida importante no per\u00edodo \u00e9 adotar a lavagem nasal, capaz de aliviar sintomas como a congest\u00e3o e auxiliar n<\/span><\/span><span class=\"s3\"><span class=\"bumpedFont15\">o controle de doen\u00e7as como a rinite, fazendo com que o <\/span><\/span><span class=\"s3\"><span class=\"bumpedFont15\">aeroal\u00e9<\/span><\/span><span class=\"s3\"><span class=\"bumpedFont15\">rgeno<\/span><\/span><span class=\"s3\"><span class=\"bumpedFont15\"> fique menos tempo em contato com a mucosa nasal, diminuindo assim o processo inflamat\u00f3rio<\/span><\/span><span class=\"s3\"><span class=\"bumpedFont15\">.<\/span><\/span><\/p>\n<p><span class=\"s3\"><span class=\"bumpedFont15\">O acompanhamento com um especialista tamb\u00e9m \u00e9 fundamental, seja em quadros mais graves ou mesmo para se prevenir dos quadros al\u00e9rgicos. <\/span><\/span><span class=\"s3\"><span class=\"bumpedFont15\">\u201c<\/span><\/span><span class=\"s3\"><span class=\"bumpedFont15\">S<\/span><\/span><span class=\"s3\"><span class=\"bumpedFont15\">e necess\u00e1rio<\/span><\/span><span class=\"s3\"><span class=\"bumpedFont15\">, \u00e9 preciso<\/span><\/span><span class=\"s3\"><span class=\"bumpedFont15\"> consultar o seu m\u00e9dico para a utiliza\u00e7\u00e3o de alguma med<\/span><\/span><span class=\"s3\"><span class=\"bumpedFont15\">ica\u00e7\u00e3o preventiva\u201d, finaliza a<\/span><\/span><span class=\"s3\"><span class=\"bumpedFont15\"> otorrinolaringologista Karla Beltr\u00e3o<\/span><\/span><span class=\"s3\"><span class=\"bumpedFont15\">. Foto: Banco de dados.<\/span><\/span><\/p>\n<p><span class=\"s3\" style=\"font-size: revert\"><span class=\"bumpedFont15\"><img loading=\"lazy\" decoding=\"async\" src=\"https:\/\/blogdoedvaldomagalhaes.com.br\/wp-content\/uploads\/2023\/10\/7873bd88-2ed7-48cd-bcc9-6ed97a42f43d.jpg\" class=\"size-full wp-image-101972\" width=\"600\" height=\"600\" srcset=\"https:\/\/blogdoedvaldomagalhaes.com.br\/wp-content\/uploads\/2023\/10\/7873bd88-2ed7-48cd-bcc9-6ed97a42f43d.jpg 600w, https:\/\/blogdoedvaldomagalhaes.com.br\/wp-content\/uploads\/2023\/10\/7873bd88-2ed7-48cd-bcc9-6ed97a42f43d-300x300.jpg 300w, https:\/\/blogdoedvaldomagalhaes.com.br\/wp-content\/uploads\/2023\/10\/7873bd88-2ed7-48cd-bcc9-6ed97a42f43d-150x150.jpg 150w\" sizes=\"auto, (max-width: 600px) 100vw, 600px\" \/><\/span><\/span><\/p>\n","protected":false},"excerpt":{"rendered":"<p>Com o fim do inverno, a chegada da primavera e o tempo mais seco, crescem nesta \u00e9poca do ano os&hellip;<\/p>\n","protected":false},"author":1,"featured_media":101970,"comment_status":"closed","ping_status":"open","sticky":false,"template":"","format":"standard","meta":{"footnotes":""},"categories":[14120],"tags":[28803,2,28801,3406,28878],"class_list":["post-101969","post","type-post","status-publish","format-standard","has-post-thumbnail","hentry","category-noticias","tag-blog-com-mais-visualizacoes","tag-blog-do-edvaldo-magalhaes","tag-blog-mais-acessado","tag-caruaru","tag-chegada-da-primavera-aumenta-casos-de-doencas-respiratorias"],"_links":{"self":[{"href":"https:\/\/blogdoedvaldomagalhaes.com.br\/index.php\/wp-json\/wp\/v2\/posts\/101969","targetHints":{"allow":["GET"]}}],"collection":[{"href":"https:\/\/blogdoedvaldomagalhaes.com.br\/index.php\/wp-json\/wp\/v2\/posts"}],"about":[{"href":"https:\/\/blogdoedvaldomagalhaes.com.br\/index.php\/wp-json\/wp\/v2\/types\/post"}],"author":[{"embeddable":true,"href":"https:\/\/blogdoedvaldomagalhaes.com.br\/index.php\/wp-json\/wp\/v2\/users\/1"}],"replies":[{"embeddable":true,"href":"https:\/\/blogdoedvaldomagalhaes.com.br\/index.php\/wp-json\/wp\/v2\/comments?post=101969"}],"version-history":[{"count":2,"href":"https:\/\/blogdoedvaldomagalhaes.com.br\/index.php\/wp-json\/wp\/v2\/posts\/101969\/revisions"}],"predecessor-version":[{"id":101973,"href":"https:\/\/blogdoedvaldomagalhaes.com.br\/index.php\/wp-json\/wp\/v2\/posts\/101969\/revisions\/101973"}],"wp:featuredmedia":[{"embeddable":true,"href":"https:\/\/blogdoedvaldomagalhaes.com.br\/index.php\/wp-json\/wp\/v2\/media\/101970"}],"wp:attachment":[{"href":"https:\/\/blogdoedvaldomagalhaes.com.br\/index.php\/wp-json\/wp\/v2\/media?parent=101969"}],"wp:term":[{"taxonomy":"category","embeddable":true,"href":"https:\/\/blogdoedvaldomagalhaes.com.br\/index.php\/wp-json\/wp\/v2\/categories?post=101969"},{"taxonomy":"post_tag","embeddable":true,"href":"https:\/\/blogdoedvaldomagalhaes.com.br\/index.php\/wp-json\/wp\/v2\/tags?post=101969"}],"curies":[{"name":"wp","href":"https:\/\/api.w.org\/{rel}","templated":true}]}}