{"id":101951,"date":"2023-10-17T17:28:05","date_gmt":"2023-10-17T20:28:05","guid":{"rendered":"https:\/\/blogdoedvaldomagalhaes.com.br\/?p=101951"},"modified":"2023-10-17T17:28:05","modified_gmt":"2023-10-17T20:28:05","slug":"apaes-de-pernambuco-ja-tem-representante-no-concurso-de-cartao-de-natal","status":"publish","type":"post","link":"https:\/\/blogdoedvaldomagalhaes.com.br\/index.php\/2023\/10\/17\/apaes-de-pernambuco-ja-tem-representante-no-concurso-de-cartao-de-natal\/","title":{"rendered":"Apaes de Pernambuco j\u00e1 tem representante no concurso de Cart\u00e3o de Natal"},"content":{"rendered":"<p><span style=\"font-size: revert;\">Na tarde desta ter\u00e7a-feira, dia 17 de outubro foi realizado na sede da Federa\u00e7\u00e3o das Apaes de Pernambuco, em Caruaru, a sele\u00e7\u00e3o para o concurso de cart\u00e3o de natal das Apaes. O concurso \u00e9 realizado em todos os estados e tem o objetivo de escolher um trabalho produzido nas Apaes pelos usu\u00e1rios que s\u00e3o atendidos nas unidades com defici\u00eancia intelectual e m\u00faltipla. Cada estado promove sua sele\u00e7\u00e3o e escolhe um trabalho que representar\u00e1 o estado.<\/span><\/p>\n<p>Os crit\u00e9rios de julgamento observados pelos jurados foram de: composi\u00e7\u00e3o, originalidade, dom\u00ednio t\u00e9cnico, adequa\u00e7\u00e3o do tema. O corpo de j\u00fari foi formado pelo jornalista e blogueiro Paulo Nailson, o professor de artes visuais do Sesc, ator, historiador, arte-educador, Iran S\u00e9rgio e de Jo\u00e3o Florentino, funcion\u00e1rio p\u00fablico e decorador da Funda\u00e7\u00e3o de Cultura de Caruaru.<\/p>\n<p>Concorreram as Apaes de Caruaru, \u00c1guas Belas, Palmares, Sair\u00e9, Petrolina, Recife, Cupira e Bezerros, tendo como vencedora a Apae de Cupira com 26 pontos, em segundo lugar a Apae de \u00c1guas Belas com 25,5 pontos e em terceiro lugar a Apae de Bezerros com 25 pontos. O cart\u00e3o escolhido, da Apae Cupira ir\u00e1 representar o estado de Pernambuco na etapa Nacional do concurso.<\/p>\n<p><span style=\"font-size: revert;\">Siga o Instagram do Blog para comentar @blogdoedvaldomagalhaes<\/span><\/p>\n<p>Se inscreva no canal do Blog no YouTube<\/p>\n","protected":false},"excerpt":{"rendered":"<p>Na tarde desta ter\u00e7a-feira, dia 17 de outubro foi realizado na sede da Federa\u00e7\u00e3o das Apaes de Pernambuco, em Caruaru,&hellip;<\/p>\n","protected":false},"author":1,"featured_media":101952,"comment_status":"closed","ping_status":"open","sticky":false,"template":"","format":"standard","meta":{"footnotes":""},"categories":[14120],"tags":[28873,2,28801,3406],"class_list":["post-101951","post","type-post","status-publish","format-standard","has-post-thumbnail","hentry","category-noticias","tag-apaes-de-pernambuco-ja-tem-representante-no-concurso-de-cartao-de-natal","tag-blog-do-edvaldo-magalhaes","tag-blog-mais-acessado","tag-caruaru"],"_links":{"self":[{"href":"https:\/\/blogdoedvaldomagalhaes.com.br\/index.php\/wp-json\/wp\/v2\/posts\/101951","targetHints":{"allow":["GET"]}}],"collection":[{"href":"https:\/\/blogdoedvaldomagalhaes.com.br\/index.php\/wp-json\/wp\/v2\/posts"}],"about":[{"href":"https:\/\/blogdoedvaldomagalhaes.com.br\/index.php\/wp-json\/wp\/v2\/types\/post"}],"author":[{"embeddable":true,"href":"https:\/\/blogdoedvaldomagalhaes.com.br\/index.php\/wp-json\/wp\/v2\/users\/1"}],"replies":[{"embeddable":true,"href":"https:\/\/blogdoedvaldomagalhaes.com.br\/index.php\/wp-json\/wp\/v2\/comments?post=101951"}],"version-history":[{"count":1,"href":"https:\/\/blogdoedvaldomagalhaes.com.br\/index.php\/wp-json\/wp\/v2\/posts\/101951\/revisions"}],"predecessor-version":[{"id":101953,"href":"https:\/\/blogdoedvaldomagalhaes.com.br\/index.php\/wp-json\/wp\/v2\/posts\/101951\/revisions\/101953"}],"wp:featuredmedia":[{"embeddable":true,"href":"https:\/\/blogdoedvaldomagalhaes.com.br\/index.php\/wp-json\/wp\/v2\/media\/101952"}],"wp:attachment":[{"href":"https:\/\/blogdoedvaldomagalhaes.com.br\/index.php\/wp-json\/wp\/v2\/media?parent=101951"}],"wp:term":[{"taxonomy":"category","embeddable":true,"href":"https:\/\/blogdoedvaldomagalhaes.com.br\/index.php\/wp-json\/wp\/v2\/categories?post=101951"},{"taxonomy":"post_tag","embeddable":true,"href":"https:\/\/blogdoedvaldomagalhaes.com.br\/index.php\/wp-json\/wp\/v2\/tags?post=101951"}],"curies":[{"name":"wp","href":"https:\/\/api.w.org\/{rel}","templated":true}]}}