{"id":101945,"date":"2023-10-17T14:06:09","date_gmt":"2023-10-17T17:06:09","guid":{"rendered":"https:\/\/blogdoedvaldomagalhaes.com.br\/?p=101945"},"modified":"2023-10-17T14:06:10","modified_gmt":"2023-10-17T17:06:10","slug":"campanha-de-multivacinacao-tera-horario-noturno-na-via-parque-para-criancas-e-adolescentes","status":"publish","type":"post","link":"https:\/\/blogdoedvaldomagalhaes.com.br\/index.php\/2023\/10\/17\/campanha-de-multivacinacao-tera-horario-noturno-na-via-parque-para-criancas-e-adolescentes\/","title":{"rendered":"Campanha de Multivacina\u00e7\u00e3o ter\u00e1 hor\u00e1rio noturno na Via Parque para crian\u00e7as e adolescentes"},"content":{"rendered":"<p>Dando prosseguimento \u00e0 Campanha de Multivacina\u00e7\u00e3o para crian\u00e7as e adolescentes com at\u00e9 14 anos, e com o intuito de oferecer uma oportunidade a mais para que pais e respons\u00e1veis possam levar os filhos para atualizar a caderneta vacinal em hor\u00e1rio diferenciado, a Secretaria de Sa\u00fade de Caruaru (SMS), por meio do Programa Municipal de Vacina\u00e7\u00e3o (PMI), realiza nesta quarta (18) e quinta (19), a vacina\u00e7\u00e3o noturna. A a\u00e7\u00e3o vai acontecer na Via Parque, em frente ao INSS, das 17h \u00e0s 21h.<\/p>\n<p>No ato da vacina\u00e7\u00e3o, os pais ou respons\u00e1veis precisar\u00e3o levar o cart\u00e3o do SUS ou CPF dos filhos, assim como o cart\u00e3o de vacina\u00e7\u00e3o.<\/p>\n<p>As vacinas que ser\u00e3o disponibilizadas para a atualiza\u00e7\u00e3o vacinal durante a campanha s\u00e3o: rotav\u00edrus (diarreia), poliomielite oral e intramuscular (paralisia infantil), pentavalente (difteria, t\u00e9tano, coqueluche, hepatite B), Haemophilus influenza tipo B &#8211; Hib, pneumoc\u00f3cica, meningoc\u00f3cica, DTP, tr\u00edplice viral (sarampo, caxumba e rub\u00e9ola), HPV (previne o c\u00e2ncer de colo de \u00fatero e verrugas genitais), meningo ACWy, febre amarela, varicela e hepatite A, bem como a vacina contra a Covid-19 para crian\u00e7as a partir de 6 meses.<\/p>\n<p>*Servi\u00e7o:*<\/p>\n<p>. Campanha de Multivacina\u00e7\u00e3o &#8211; Vacina\u00e7\u00e3o noturna para atualiza\u00e7\u00e3o da caderneta vacinal de crian\u00e7as e adolescentes com at\u00e9 14 anos.<br \/>\n. Dias: 18.10.2023 (quarta) e 19.10.2023 (quinta)<br \/>\n. Hora: 17h \u00e0s 21h<br \/>\n. Local: Via Parque (em frente ao INSS). Foto: Divulga\u00e7\u00e3o \/ SMS \/ PMC.<\/p>\n","protected":false},"excerpt":{"rendered":"<p>Dando prosseguimento \u00e0 Campanha de Multivacina\u00e7\u00e3o para crian\u00e7as e adolescentes com at\u00e9 14 anos, e com o intuito de oferecer&hellip;<\/p>\n","protected":false},"author":1,"featured_media":101946,"comment_status":"closed","ping_status":"open","sticky":false,"template":"","format":"standard","meta":{"footnotes":""},"categories":[14120],"tags":[28803,2,28801,28872,3406],"class_list":["post-101945","post","type-post","status-publish","format-standard","has-post-thumbnail","hentry","category-noticias","tag-blog-com-mais-visualizacoes","tag-blog-do-edvaldo-magalhaes","tag-blog-mais-acessado","tag-campanha-de-multivacinacao-tera-horario-noturno-na-via-parque-para-criancas-e-adolescentes","tag-caruaru"],"_links":{"self":[{"href":"https:\/\/blogdoedvaldomagalhaes.com.br\/index.php\/wp-json\/wp\/v2\/posts\/101945","targetHints":{"allow":["GET"]}}],"collection":[{"href":"https:\/\/blogdoedvaldomagalhaes.com.br\/index.php\/wp-json\/wp\/v2\/posts"}],"about":[{"href":"https:\/\/blogdoedvaldomagalhaes.com.br\/index.php\/wp-json\/wp\/v2\/types\/post"}],"author":[{"embeddable":true,"href":"https:\/\/blogdoedvaldomagalhaes.com.br\/index.php\/wp-json\/wp\/v2\/users\/1"}],"replies":[{"embeddable":true,"href":"https:\/\/blogdoedvaldomagalhaes.com.br\/index.php\/wp-json\/wp\/v2\/comments?post=101945"}],"version-history":[{"count":1,"href":"https:\/\/blogdoedvaldomagalhaes.com.br\/index.php\/wp-json\/wp\/v2\/posts\/101945\/revisions"}],"predecessor-version":[{"id":101947,"href":"https:\/\/blogdoedvaldomagalhaes.com.br\/index.php\/wp-json\/wp\/v2\/posts\/101945\/revisions\/101947"}],"wp:featuredmedia":[{"embeddable":true,"href":"https:\/\/blogdoedvaldomagalhaes.com.br\/index.php\/wp-json\/wp\/v2\/media\/101946"}],"wp:attachment":[{"href":"https:\/\/blogdoedvaldomagalhaes.com.br\/index.php\/wp-json\/wp\/v2\/media?parent=101945"}],"wp:term":[{"taxonomy":"category","embeddable":true,"href":"https:\/\/blogdoedvaldomagalhaes.com.br\/index.php\/wp-json\/wp\/v2\/categories?post=101945"},{"taxonomy":"post_tag","embeddable":true,"href":"https:\/\/blogdoedvaldomagalhaes.com.br\/index.php\/wp-json\/wp\/v2\/tags?post=101945"}],"curies":[{"name":"wp","href":"https:\/\/api.w.org\/{rel}","templated":true}]}}