{"id":101935,"date":"2023-10-17T12:25:59","date_gmt":"2023-10-17T15:25:59","guid":{"rendered":"https:\/\/blogdoedvaldomagalhaes.com.br\/?p=101935"},"modified":"2023-10-17T12:25:59","modified_gmt":"2023-10-17T15:25:59","slug":"raquel-lyra-discute-acoes-para-melhoria-do-sistema-penitenciario-de-pernambuco-com-o-ministro-silvio-almeida","status":"publish","type":"post","link":"https:\/\/blogdoedvaldomagalhaes.com.br\/index.php\/2023\/10\/17\/raquel-lyra-discute-acoes-para-melhoria-do-sistema-penitenciario-de-pernambuco-com-o-ministro-silvio-almeida\/","title":{"rendered":"Raquel Lyra discute a\u00e7\u00f5es para melhoria do sistema penitenci\u00e1rio de Pernambuco com o ministro Silvio Almeida"},"content":{"rendered":"<p>A governadora Raquel Lyra e sua vice, Priscila Krause, receberam o ministro dos Direitos Humanos e da Cidadania, Silvio Almeida, no Pal\u00e1cio do Campo das Princesas, na noite desta segunda-feira (16). O ministro est\u00e1 em Pernambuco para mais uma parada do projeto Caravana dos Direitos Humanos, que tem o objetivo de debater com os mais diversos setores da sociedade solu\u00e7\u00f5es para os problemas existentes no sistema prisional brasileiro.<\/p>\n<p>\u201cPara n\u00f3s \u00e9 uma honra receber o ministro Silvio em Pernambuco, pois o trabalho que ele vem desenvolvendo \u00e9 de extrema import\u00e2ncia para o Pa\u00eds. Resolver os problemas que herdamos no sistema penitenci\u00e1rio \u00e9 de fundamental import\u00e2ncia para a nossa gest\u00e3o, por isso, entre outras medidas que est\u00e3o em curso, nomeamos recentemente 338 policiais penais, uma das a\u00e7\u00f5es do programa Juntos pela Seguran\u00e7a, que visa reduzir os \u00edndices de criminalidade no Estado\u201d, destacou a governadora Raquel Lyra durante o encontro.<\/p>\n<p>O ministro Silvio Almeida chamou aten\u00e7\u00e3o para a relev\u00e2ncia do trabalho em conjunto. \u201cA import\u00e2ncia da melhoria do sistema penitenci\u00e1rio vai al\u00e9m do governo brasileiro, porque tamb\u00e9m somos cobrados internacionalmente. Este \u00e9 um trabalho que estamos fazendo em conjunto com os estados\u201d, registrou.<\/p>\n<p>Tamb\u00e9m estiveram presentes na reuni\u00e3o Rafael Velasco, secret\u00e1rio Nacional de Pol\u00edticas Penais; Isadora Brand\u00e3o, secret\u00e1ria nacional de Promo\u00e7\u00e3o e Defesa dos Direitos Humanos; o assessor especial de Assuntos Parlamentares e Federativos, David Carneiro; a secret\u00e1ria estadual de Desenvolvimento Social, Crian\u00e7a, Juventude e Preven\u00e7\u00e3o \u00e0 Viol\u00eancia e \u00e0s Drogas, Carolina Cabral, al\u00e9m do secret\u00e1rio estadual da Casa Civil, T\u00falio Vila\u00e7a.<\/p>\n<p>Fotos: Jana\u00edna Pepeu\/Secom<br \/>\nSiga o Instagram do Blog para comentar @blogdoedvaldomagalhaes<br \/>\nSe inscreva no canal do Blog no You Tube<\/p>\n","protected":false},"excerpt":{"rendered":"<p>A governadora Raquel Lyra e sua vice, Priscila Krause, receberam o ministro dos Direitos Humanos e da Cidadania, Silvio Almeida,&hellip;<\/p>\n","protected":false},"author":1,"featured_media":101936,"comment_status":"closed","ping_status":"open","sticky":false,"template":"","format":"standard","meta":{"footnotes":""},"categories":[14122],"tags":[28803,2,28801,3406,28870,20],"class_list":["post-101935","post","type-post","status-publish","format-standard","has-post-thumbnail","hentry","category-politica","tag-blog-com-mais-visualizacoes","tag-blog-do-edvaldo-magalhaes","tag-blog-mais-acessado","tag-caruaru","tag-governadora-raquel-lyra-discute-acoes-para-melhoria-do-sistema-penitenciario-de-pernambuco-com-o-ministro-silvio-almeida","tag-politica"],"_links":{"self":[{"href":"https:\/\/blogdoedvaldomagalhaes.com.br\/index.php\/wp-json\/wp\/v2\/posts\/101935","targetHints":{"allow":["GET"]}}],"collection":[{"href":"https:\/\/blogdoedvaldomagalhaes.com.br\/index.php\/wp-json\/wp\/v2\/posts"}],"about":[{"href":"https:\/\/blogdoedvaldomagalhaes.com.br\/index.php\/wp-json\/wp\/v2\/types\/post"}],"author":[{"embeddable":true,"href":"https:\/\/blogdoedvaldomagalhaes.com.br\/index.php\/wp-json\/wp\/v2\/users\/1"}],"replies":[{"embeddable":true,"href":"https:\/\/blogdoedvaldomagalhaes.com.br\/index.php\/wp-json\/wp\/v2\/comments?post=101935"}],"version-history":[{"count":1,"href":"https:\/\/blogdoedvaldomagalhaes.com.br\/index.php\/wp-json\/wp\/v2\/posts\/101935\/revisions"}],"predecessor-version":[{"id":101937,"href":"https:\/\/blogdoedvaldomagalhaes.com.br\/index.php\/wp-json\/wp\/v2\/posts\/101935\/revisions\/101937"}],"wp:featuredmedia":[{"embeddable":true,"href":"https:\/\/blogdoedvaldomagalhaes.com.br\/index.php\/wp-json\/wp\/v2\/media\/101936"}],"wp:attachment":[{"href":"https:\/\/blogdoedvaldomagalhaes.com.br\/index.php\/wp-json\/wp\/v2\/media?parent=101935"}],"wp:term":[{"taxonomy":"category","embeddable":true,"href":"https:\/\/blogdoedvaldomagalhaes.com.br\/index.php\/wp-json\/wp\/v2\/categories?post=101935"},{"taxonomy":"post_tag","embeddable":true,"href":"https:\/\/blogdoedvaldomagalhaes.com.br\/index.php\/wp-json\/wp\/v2\/tags?post=101935"}],"curies":[{"name":"wp","href":"https:\/\/api.w.org\/{rel}","templated":true}]}}