{"id":101929,"date":"2023-10-16T22:18:30","date_gmt":"2023-10-17T01:18:30","guid":{"rendered":"https:\/\/blogdoedvaldomagalhaes.com.br\/?p=101929"},"modified":"2023-10-16T22:18:31","modified_gmt":"2023-10-17T01:18:31","slug":"inscricoes-abertas-para-cursos-gratuitos-de-midias-sociais-informatica-basica-e-empregabilidade","status":"publish","type":"post","link":"https:\/\/blogdoedvaldomagalhaes.com.br\/index.php\/2023\/10\/16\/inscricoes-abertas-para-cursos-gratuitos-de-midias-sociais-informatica-basica-e-empregabilidade\/","title":{"rendered":"Inscri\u00e7\u00f5es abertas para cursos gratuitos de M\u00eddias Sociais, Inform\u00e1tica B\u00e1sica e Empregabilidade"},"content":{"rendered":"<p>A Secretaria de Desenvolvimento Social e Direitos Humanos, em parceria com a Universidade do Buzz e Elife Brasil, est\u00e1 com inscri\u00e7\u00f5es abertas para os cursos gratuitos de M\u00eddias Sociais, Inform\u00e1tica B\u00e1sica e Empregabilidade.<\/p>\n<p>O curso acontecer\u00e1 no\u00a0laborat\u00f3rio de<br \/>\ninform\u00e1tica\u00a0do Centro Integrado de Direitos Humanos (CIDH), localizado na Avenida da Rep\u00fablica, n 557, no bairro Divin\u00f3polis, entre os dias 17 e 25 de outubro, com vagas nos per\u00edodos da manh\u00e3 e tarde.<\/p>\n<p>Para participar, \u00e9 necess\u00e1rio realizar a inscri\u00e7\u00e3o por meio do link: https:\/\/forms.gle\/F3Nz21ThbkS7Cbvr5<br \/>\nOs candidatos precisam ter no m\u00ednimo 17 anos e morar em Caruaru. Pessoas menores de idade devem realizar a inscri\u00e7\u00e3o no CIDH (Avenida da Rep\u00fablica, n 557, no bairro Divin\u00f3polis), com um respons\u00e1vel legal.<\/p>\n<p>Os cursos t\u00eam como objetivo profissionalizar os jovens para o mundo digital e mercado de trabalho, ensinando como utilizar e monitorar as redes sociais. Foto: Felipe Correia.<br \/>\nSiga o Instagram do Blog para comentar @blogdoedvaldomagalhaes<br \/>\nSe inscreva no canal do Blog no You Tube<\/p>\n","protected":false},"excerpt":{"rendered":"<p>A Secretaria de Desenvolvimento Social e Direitos Humanos, em parceria com a Universidade do Buzz e Elife Brasil, est\u00e1 com&hellip;<\/p>\n","protected":false},"author":1,"featured_media":101930,"comment_status":"closed","ping_status":"open","sticky":false,"template":"","format":"standard","meta":{"footnotes":""},"categories":[14120],"tags":[28803,2,28801,3406,28868],"class_list":["post-101929","post","type-post","status-publish","format-standard","has-post-thumbnail","hentry","category-noticias","tag-blog-com-mais-visualizacoes","tag-blog-do-edvaldo-magalhaes","tag-blog-mais-acessado","tag-caruaru","tag-inscricoes-abertas-para-cursos-gratuitos-de-midias-sociais-informatica-basica-e-empregabilidade"],"_links":{"self":[{"href":"https:\/\/blogdoedvaldomagalhaes.com.br\/index.php\/wp-json\/wp\/v2\/posts\/101929","targetHints":{"allow":["GET"]}}],"collection":[{"href":"https:\/\/blogdoedvaldomagalhaes.com.br\/index.php\/wp-json\/wp\/v2\/posts"}],"about":[{"href":"https:\/\/blogdoedvaldomagalhaes.com.br\/index.php\/wp-json\/wp\/v2\/types\/post"}],"author":[{"embeddable":true,"href":"https:\/\/blogdoedvaldomagalhaes.com.br\/index.php\/wp-json\/wp\/v2\/users\/1"}],"replies":[{"embeddable":true,"href":"https:\/\/blogdoedvaldomagalhaes.com.br\/index.php\/wp-json\/wp\/v2\/comments?post=101929"}],"version-history":[{"count":1,"href":"https:\/\/blogdoedvaldomagalhaes.com.br\/index.php\/wp-json\/wp\/v2\/posts\/101929\/revisions"}],"predecessor-version":[{"id":101931,"href":"https:\/\/blogdoedvaldomagalhaes.com.br\/index.php\/wp-json\/wp\/v2\/posts\/101929\/revisions\/101931"}],"wp:featuredmedia":[{"embeddable":true,"href":"https:\/\/blogdoedvaldomagalhaes.com.br\/index.php\/wp-json\/wp\/v2\/media\/101930"}],"wp:attachment":[{"href":"https:\/\/blogdoedvaldomagalhaes.com.br\/index.php\/wp-json\/wp\/v2\/media?parent=101929"}],"wp:term":[{"taxonomy":"category","embeddable":true,"href":"https:\/\/blogdoedvaldomagalhaes.com.br\/index.php\/wp-json\/wp\/v2\/categories?post=101929"},{"taxonomy":"post_tag","embeddable":true,"href":"https:\/\/blogdoedvaldomagalhaes.com.br\/index.php\/wp-json\/wp\/v2\/tags?post=101929"}],"curies":[{"name":"wp","href":"https:\/\/api.w.org\/{rel}","templated":true}]}}