{"id":101919,"date":"2023-10-16T21:47:14","date_gmt":"2023-10-17T00:47:14","guid":{"rendered":"https:\/\/blogdoedvaldomagalhaes.com.br\/?p=101919"},"modified":"2023-10-16T21:57:31","modified_gmt":"2023-10-17T00:57:31","slug":"dia-do-trabalhador-da-construcao-civil-e-comemorado-com-ii-encontro-de-violeiros-e-cantadores-do-sintracon","status":"publish","type":"post","link":"https:\/\/blogdoedvaldomagalhaes.com.br\/index.php\/2023\/10\/16\/dia-do-trabalhador-da-construcao-civil-e-comemorado-com-ii-encontro-de-violeiros-e-cantadores-do-sintracon\/","title":{"rendered":"Dia do Trabalhador da Constru\u00e7\u00e3o Civil \u00e9 comemorado com II Encontro de Violeiros e Cantadores do Sintracon"},"content":{"rendered":"<p>O Sindicato dos Trabalhadores da Constru\u00e7\u00e3o Civil de Caruaru \u2013 Sintracon, realizou o II Encontro de Violeiros e Cantadores, no Clube de Campo, em Serra Verde, nesta segunda-feira (16.10), comemorando o Dia do Trabalhador da Constru\u00e7\u00e3o Civil. O presidente do sindicato, Jos\u00e9 Henrique Ramos, agradece a todos que compareceram.<\/p>\n<p>Hist\u00f3ria<\/p>\n<p>O Dia do Trabalhador da Constru\u00e7\u00e3o Civil \u00e9 uma data especial para homenagear os profissionais que constroem e transformam o mundo. Comemorado na segunda-feira do m\u00eas de outubro, este dia celebra a import\u00e2ncia do trabalho desse of\u00edcio, que se responsabiliza por erguer as estruturas que comp\u00f5em cidades e comunidades. A data foi escolhida pr\u00f3xima ao dia de S\u00e3o Judas Tadeu, padroeiro da profiss\u00e3o, e homenageia todos os profissionais ligados direta e indiretamente a esse importante segmento da economia brasileira.<\/p>\n<p>N\u00e3o h\u00e1 d\u00favidas de que a constru\u00e7\u00e3o civil \u00e9 um dos pilares da economia brasileira, e por isso o dia desses trabalhadores n\u00e3o pode se resumir a homenagens. A data tamb\u00e9m deve ser vista por empreendedores como uma oportunidade para tomar atitudes que reforcem os cuidados com a sa\u00fade e a seguran\u00e7a do trabalho, valorizando mais a atua\u00e7\u00e3o desses agentes do setor. A sa\u00fade e a seguran\u00e7a do trabalho tornam-se indispens\u00e1veis num cen\u00e1rio de recess\u00e3o como o atravessado pela constru\u00e7\u00e3o civil, sendo elementos estrat\u00e9gicos para o bem-estar e a motiva\u00e7\u00e3o dos trabalhadores. Sem sa\u00fade e seguran\u00e7a do trabalho, as empresas apresentam baixo desempenho e n\u00e3o atingem a produtividade almejada.<\/p>\n<p>Foto: Felipe Barros.<br \/>\nSiga o Instagram do Blog para comentar @blogdoedvaldomagalhaes<br \/>\nSe inscreva no canal do Blog no You Tube<\/p>\n<p><img loading=\"lazy\" decoding=\"async\" src=\"https:\/\/blogdoedvaldomagalhaes.com.br\/wp-content\/uploads\/2023\/10\/img-20231016-wa0088674326283135428730.jpg\" class=\"wp-image-101925 alignnone size-full\" width=\"1600\" height=\"900\" srcset=\"https:\/\/blogdoedvaldomagalhaes.com.br\/wp-content\/uploads\/2023\/10\/img-20231016-wa0088674326283135428730.jpg 1600w, https:\/\/blogdoedvaldomagalhaes.com.br\/wp-content\/uploads\/2023\/10\/img-20231016-wa0088674326283135428730-300x169.jpg 300w, https:\/\/blogdoedvaldomagalhaes.com.br\/wp-content\/uploads\/2023\/10\/img-20231016-wa0088674326283135428730-1024x576.jpg 1024w, https:\/\/blogdoedvaldomagalhaes.com.br\/wp-content\/uploads\/2023\/10\/img-20231016-wa0088674326283135428730-768x432.jpg 768w, https:\/\/blogdoedvaldomagalhaes.com.br\/wp-content\/uploads\/2023\/10\/img-20231016-wa0088674326283135428730-1536x864.jpg 1536w, https:\/\/blogdoedvaldomagalhaes.com.br\/wp-content\/uploads\/2023\/10\/img-20231016-wa0088674326283135428730-1140x641.jpg 1140w, https:\/\/blogdoedvaldomagalhaes.com.br\/wp-content\/uploads\/2023\/10\/img-20231016-wa0088674326283135428730-720x405.jpg 720w\" sizes=\"auto, (max-width: 1600px) 100vw, 1600px\" \/><\/p>\n<p><img loading=\"lazy\" decoding=\"async\" src=\"https:\/\/blogdoedvaldomagalhaes.com.br\/wp-content\/uploads\/2023\/10\/img-20231016-wa00936821087269566248935.jpg\" class=\"wp-image-101926 alignnone size-full\" width=\"1600\" height=\"900\" srcset=\"https:\/\/blogdoedvaldomagalhaes.com.br\/wp-content\/uploads\/2023\/10\/img-20231016-wa00936821087269566248935.jpg 1600w, https:\/\/blogdoedvaldomagalhaes.com.br\/wp-content\/uploads\/2023\/10\/img-20231016-wa00936821087269566248935-300x169.jpg 300w, https:\/\/blogdoedvaldomagalhaes.com.br\/wp-content\/uploads\/2023\/10\/img-20231016-wa00936821087269566248935-1024x576.jpg 1024w, https:\/\/blogdoedvaldomagalhaes.com.br\/wp-content\/uploads\/2023\/10\/img-20231016-wa00936821087269566248935-768x432.jpg 768w, https:\/\/blogdoedvaldomagalhaes.com.br\/wp-content\/uploads\/2023\/10\/img-20231016-wa00936821087269566248935-1536x864.jpg 1536w, https:\/\/blogdoedvaldomagalhaes.com.br\/wp-content\/uploads\/2023\/10\/img-20231016-wa00936821087269566248935-1140x641.jpg 1140w, https:\/\/blogdoedvaldomagalhaes.com.br\/wp-content\/uploads\/2023\/10\/img-20231016-wa00936821087269566248935-720x405.jpg 720w\" sizes=\"auto, (max-width: 1600px) 100vw, 1600px\" \/><\/p>\n<p><img loading=\"lazy\" decoding=\"async\" src=\"https:\/\/blogdoedvaldomagalhaes.com.br\/wp-content\/uploads\/2023\/10\/img-20231016-wa00891388475202294487116.jpg\" class=\"wp-image-101927 alignnone size-full\" width=\"1600\" height=\"900\" srcset=\"https:\/\/blogdoedvaldomagalhaes.com.br\/wp-content\/uploads\/2023\/10\/img-20231016-wa00891388475202294487116.jpg 1600w, https:\/\/blogdoedvaldomagalhaes.com.br\/wp-content\/uploads\/2023\/10\/img-20231016-wa00891388475202294487116-300x169.jpg 300w, https:\/\/blogdoedvaldomagalhaes.com.br\/wp-content\/uploads\/2023\/10\/img-20231016-wa00891388475202294487116-1024x576.jpg 1024w, https:\/\/blogdoedvaldomagalhaes.com.br\/wp-content\/uploads\/2023\/10\/img-20231016-wa00891388475202294487116-768x432.jpg 768w, https:\/\/blogdoedvaldomagalhaes.com.br\/wp-content\/uploads\/2023\/10\/img-20231016-wa00891388475202294487116-1536x864.jpg 1536w, https:\/\/blogdoedvaldomagalhaes.com.br\/wp-content\/uploads\/2023\/10\/img-20231016-wa00891388475202294487116-1140x641.jpg 1140w, https:\/\/blogdoedvaldomagalhaes.com.br\/wp-content\/uploads\/2023\/10\/img-20231016-wa00891388475202294487116-720x405.jpg 720w\" sizes=\"auto, (max-width: 1600px) 100vw, 1600px\" \/><\/p>\n","protected":false},"excerpt":{"rendered":"<p>O Sindicato dos Trabalhadores da Constru\u00e7\u00e3o Civil de Caruaru \u2013 Sintracon, realizou o II Encontro de Violeiros e Cantadores, no&hellip;<\/p>\n","protected":false},"author":1,"featured_media":101920,"comment_status":"closed","ping_status":"open","sticky":false,"template":"","format":"standard","meta":{"footnotes":""},"categories":[14120],"tags":[28803,2,28801,3406,28866,28867],"class_list":["post-101919","post","type-post","status-publish","format-standard","has-post-thumbnail","hentry","category-noticias","tag-blog-com-mais-visualizacoes","tag-blog-do-edvaldo-magalhaes","tag-blog-mais-acessado","tag-caruaru","tag-dia-do-trabalhador-da-construcao-civil-e-comemorado-com-ii-encontro-de-violeiros-e-cantadores-do-sintracon","tag-jose-henrique-ramos"],"_links":{"self":[{"href":"https:\/\/blogdoedvaldomagalhaes.com.br\/index.php\/wp-json\/wp\/v2\/posts\/101919","targetHints":{"allow":["GET"]}}],"collection":[{"href":"https:\/\/blogdoedvaldomagalhaes.com.br\/index.php\/wp-json\/wp\/v2\/posts"}],"about":[{"href":"https:\/\/blogdoedvaldomagalhaes.com.br\/index.php\/wp-json\/wp\/v2\/types\/post"}],"author":[{"embeddable":true,"href":"https:\/\/blogdoedvaldomagalhaes.com.br\/index.php\/wp-json\/wp\/v2\/users\/1"}],"replies":[{"embeddable":true,"href":"https:\/\/blogdoedvaldomagalhaes.com.br\/index.php\/wp-json\/wp\/v2\/comments?post=101919"}],"version-history":[{"count":4,"href":"https:\/\/blogdoedvaldomagalhaes.com.br\/index.php\/wp-json\/wp\/v2\/posts\/101919\/revisions"}],"predecessor-version":[{"id":101928,"href":"https:\/\/blogdoedvaldomagalhaes.com.br\/index.php\/wp-json\/wp\/v2\/posts\/101919\/revisions\/101928"}],"wp:featuredmedia":[{"embeddable":true,"href":"https:\/\/blogdoedvaldomagalhaes.com.br\/index.php\/wp-json\/wp\/v2\/media\/101920"}],"wp:attachment":[{"href":"https:\/\/blogdoedvaldomagalhaes.com.br\/index.php\/wp-json\/wp\/v2\/media?parent=101919"}],"wp:term":[{"taxonomy":"category","embeddable":true,"href":"https:\/\/blogdoedvaldomagalhaes.com.br\/index.php\/wp-json\/wp\/v2\/categories?post=101919"},{"taxonomy":"post_tag","embeddable":true,"href":"https:\/\/blogdoedvaldomagalhaes.com.br\/index.php\/wp-json\/wp\/v2\/tags?post=101919"}],"curies":[{"name":"wp","href":"https:\/\/api.w.org\/{rel}","templated":true}]}}