{"id":101916,"date":"2023-10-16T21:32:28","date_gmt":"2023-10-17T00:32:28","guid":{"rendered":"https:\/\/blogdoedvaldomagalhaes.com.br\/?p=101916"},"modified":"2023-10-16T21:32:29","modified_gmt":"2023-10-17T00:32:29","slug":"cursos-de-qualificacoes-ofertados-para-mulheres-lesbicas-bissexuais-travestis-e-transexuais","status":"publish","type":"post","link":"https:\/\/blogdoedvaldomagalhaes.com.br\/index.php\/2023\/10\/16\/cursos-de-qualificacoes-ofertados-para-mulheres-lesbicas-bissexuais-travestis-e-transexuais\/","title":{"rendered":"Cursos de qualifica\u00e7\u00f5es ofertados para mulheres L\u00e9sbicas, Bissexuais, Travestis e Transexuais"},"content":{"rendered":"<p>A Secretaria de Pol\u00edticas para Mulheres e em parceria com Coordena\u00e7\u00e3o de Promo\u00e7\u00e3o \u00e0s Pol\u00edticas da Diversidade da Secretaria de Desenvolvimento Social e Direitos Humanos, promove nesta quinta-feira (19), no audit\u00f3rio da SPM, a partir das 13h30, a aula inaugural dos cursos do programa \u201cProfissionaliza+Mulher\u201d. Para esta fase especial do programa, os cursos ser\u00e3o destinados \u00e0 popula\u00e7\u00e3o de mulheres L\u00e9sbicas, Bissexuais, Travestis e Transexuais.<\/p>\n<p>Na ocasi\u00e3o, as alunas da primeira fase que iniciar\u00e3o os cursos estar\u00e3o presentes. Para esta turma inicial, ser\u00e3o ofertadas as qualifica\u00e7\u00f5es em manicure e pedicure, como tamb\u00e9m de massagista, que ser\u00e3o ministradas pela empresa INFORMS.<\/p>\n<p>As turmas ser\u00e3o compostas por 20 mulheres e cada curso ter\u00e1 dura\u00e7\u00e3o de 120 horas-aula, e todos s\u00e3o reconhecidos e certificados pela plataforma Profissionaliza + Mulher. Al\u00e9m de todo o aparato de certifica\u00e7\u00f5es, as alunas tamb\u00e9m ir\u00e3o receber o material necess\u00e1rio para a execu\u00e7\u00e3o das aulas.<\/p>\n<p>Para Luana Marabuco, secret\u00e1ria de Pol\u00edticas para Mulheres, participar de forma\u00e7\u00f5es deste tipo \u00e9 ganho de conhecimento, experi\u00eancia profissional e, al\u00e9m de tudo, autonomia financeira. \u201cOs cursos s\u00e3o portas para o mercado de trabalho, e a qualifica\u00e7\u00e3o profissional n\u00e3o apenas fornece habilidades pr\u00e1ticas, mas tamb\u00e9m aumenta a autoconfian\u00e7a das mulheres. Elas se sentem mais capacitadas para enfrentar desafios no mercado de trabalho e na vida em geral\u201d, frisou a secret\u00e1ria.<br \/>\nSiga o Instagram do Blog @blogdoedvaldomagalhaes<br \/>\nSe inscreva no canal do Blog no You Tube<\/p>\n","protected":false},"excerpt":{"rendered":"<p>A Secretaria de Pol\u00edticas para Mulheres e em parceria com Coordena\u00e7\u00e3o de Promo\u00e7\u00e3o \u00e0s Pol\u00edticas da Diversidade da Secretaria de&hellip;<\/p>\n","protected":false},"author":1,"featured_media":101917,"comment_status":"closed","ping_status":"open","sticky":false,"template":"","format":"standard","meta":{"footnotes":""},"categories":[14120],"tags":[28803,2,28801,3406],"class_list":["post-101916","post","type-post","status-publish","format-standard","has-post-thumbnail","hentry","category-noticias","tag-blog-com-mais-visualizacoes","tag-blog-do-edvaldo-magalhaes","tag-blog-mais-acessado","tag-caruaru"],"_links":{"self":[{"href":"https:\/\/blogdoedvaldomagalhaes.com.br\/index.php\/wp-json\/wp\/v2\/posts\/101916","targetHints":{"allow":["GET"]}}],"collection":[{"href":"https:\/\/blogdoedvaldomagalhaes.com.br\/index.php\/wp-json\/wp\/v2\/posts"}],"about":[{"href":"https:\/\/blogdoedvaldomagalhaes.com.br\/index.php\/wp-json\/wp\/v2\/types\/post"}],"author":[{"embeddable":true,"href":"https:\/\/blogdoedvaldomagalhaes.com.br\/index.php\/wp-json\/wp\/v2\/users\/1"}],"replies":[{"embeddable":true,"href":"https:\/\/blogdoedvaldomagalhaes.com.br\/index.php\/wp-json\/wp\/v2\/comments?post=101916"}],"version-history":[{"count":1,"href":"https:\/\/blogdoedvaldomagalhaes.com.br\/index.php\/wp-json\/wp\/v2\/posts\/101916\/revisions"}],"predecessor-version":[{"id":101918,"href":"https:\/\/blogdoedvaldomagalhaes.com.br\/index.php\/wp-json\/wp\/v2\/posts\/101916\/revisions\/101918"}],"wp:featuredmedia":[{"embeddable":true,"href":"https:\/\/blogdoedvaldomagalhaes.com.br\/index.php\/wp-json\/wp\/v2\/media\/101917"}],"wp:attachment":[{"href":"https:\/\/blogdoedvaldomagalhaes.com.br\/index.php\/wp-json\/wp\/v2\/media?parent=101916"}],"wp:term":[{"taxonomy":"category","embeddable":true,"href":"https:\/\/blogdoedvaldomagalhaes.com.br\/index.php\/wp-json\/wp\/v2\/categories?post=101916"},{"taxonomy":"post_tag","embeddable":true,"href":"https:\/\/blogdoedvaldomagalhaes.com.br\/index.php\/wp-json\/wp\/v2\/tags?post=101916"}],"curies":[{"name":"wp","href":"https:\/\/api.w.org\/{rel}","templated":true}]}}