{"id":101913,"date":"2023-10-16T20:12:29","date_gmt":"2023-10-16T23:12:29","guid":{"rendered":"https:\/\/blogdoedvaldomagalhaes.com.br\/?p=101913"},"modified":"2023-10-16T20:12:30","modified_gmt":"2023-10-16T23:12:30","slug":"caminhao-com-celulares-confeccoes-e-calcados-sem-nota-fiscal-e-retido-pela-prf","status":"publish","type":"post","link":"https:\/\/blogdoedvaldomagalhaes.com.br\/index.php\/2023\/10\/16\/caminhao-com-celulares-confeccoes-e-calcados-sem-nota-fiscal-e-retido-pela-prf\/","title":{"rendered":"Caminh\u00e3o com celulares, confec\u00e7\u00f5es e cal\u00e7ados sem nota fiscal \u00e9 retido pela PRF"},"content":{"rendered":"<p><span style=\"font-size: revert;\">Um caminh\u00e3o que transportava 10 toneladas de produtos diversos sem nota fiscal foi retido, no domingo (15), pela Pol\u00edcia Rodovi\u00e1ria Federal (PRF), na BR 232, em S\u00e3o Caetano. A carga havia sa\u00eddo de S\u00e3o Paulo e seria entregue em Caruaru.<\/span><\/p>\n<p>Policiais realizavam uma fiscaliza\u00e7\u00e3o da Lei do Descanso no posto da PRF de S\u00e3o Caetano, quando abordaram um caminh\u00e3o ba\u00fa com placas do Mercosul. Dentro do ve\u00edculo foram encontradas caixas com celulares, tecidos, cal\u00e7ados, confec\u00e7\u00f5es e outros itens sem nota fiscal. Alguns produtos s\u00e3o suspeitos de serem r\u00e9plicas de marcas famosas.<\/p>\n<p>O caminh\u00e3o foi encaminhado junto com a carga \u00e0 Secretaria da Fazenda de Pernambuco (Sefaz-PE), em S\u00e3o Caetano, para a ado\u00e7\u00e3o dos procedimentos legais e regulariza\u00e7\u00e3o fiscal da <span style=\"font-size: revert;\">mercadoria. Foto: Divulga\u00e7\u00e3o\/PRF.<\/span><\/p>\n<p>Siga o Instagram do Blog @blogdoedvaldomagalhaes<\/p>\n<p>Se inscreva no canal do Blog no YouTube<\/p>\n<hr \/>\n","protected":false},"excerpt":{"rendered":"<p>Um caminh\u00e3o que transportava 10 toneladas de produtos diversos sem nota fiscal foi retido, no domingo (15), pela Pol\u00edcia Rodovi\u00e1ria&hellip;<\/p>\n","protected":false},"author":1,"featured_media":101914,"comment_status":"closed","ping_status":"open","sticky":false,"template":"","format":"standard","meta":{"footnotes":""},"categories":[14121],"tags":[28803,2,28801,18654,3406],"class_list":["post-101913","post","type-post","status-publish","format-standard","has-post-thumbnail","hentry","category-policial","tag-blog-com-mais-visualizacoes","tag-blog-do-edvaldo-magalhaes","tag-blog-mais-acessado","tag-br-232-2","tag-caruaru"],"_links":{"self":[{"href":"https:\/\/blogdoedvaldomagalhaes.com.br\/index.php\/wp-json\/wp\/v2\/posts\/101913","targetHints":{"allow":["GET"]}}],"collection":[{"href":"https:\/\/blogdoedvaldomagalhaes.com.br\/index.php\/wp-json\/wp\/v2\/posts"}],"about":[{"href":"https:\/\/blogdoedvaldomagalhaes.com.br\/index.php\/wp-json\/wp\/v2\/types\/post"}],"author":[{"embeddable":true,"href":"https:\/\/blogdoedvaldomagalhaes.com.br\/index.php\/wp-json\/wp\/v2\/users\/1"}],"replies":[{"embeddable":true,"href":"https:\/\/blogdoedvaldomagalhaes.com.br\/index.php\/wp-json\/wp\/v2\/comments?post=101913"}],"version-history":[{"count":1,"href":"https:\/\/blogdoedvaldomagalhaes.com.br\/index.php\/wp-json\/wp\/v2\/posts\/101913\/revisions"}],"predecessor-version":[{"id":101915,"href":"https:\/\/blogdoedvaldomagalhaes.com.br\/index.php\/wp-json\/wp\/v2\/posts\/101913\/revisions\/101915"}],"wp:featuredmedia":[{"embeddable":true,"href":"https:\/\/blogdoedvaldomagalhaes.com.br\/index.php\/wp-json\/wp\/v2\/media\/101914"}],"wp:attachment":[{"href":"https:\/\/blogdoedvaldomagalhaes.com.br\/index.php\/wp-json\/wp\/v2\/media?parent=101913"}],"wp:term":[{"taxonomy":"category","embeddable":true,"href":"https:\/\/blogdoedvaldomagalhaes.com.br\/index.php\/wp-json\/wp\/v2\/categories?post=101913"},{"taxonomy":"post_tag","embeddable":true,"href":"https:\/\/blogdoedvaldomagalhaes.com.br\/index.php\/wp-json\/wp\/v2\/tags?post=101913"}],"curies":[{"name":"wp","href":"https:\/\/api.w.org\/{rel}","templated":true}]}}