{"id":101910,"date":"2023-10-16T19:56:32","date_gmt":"2023-10-16T22:56:32","guid":{"rendered":"https:\/\/blogdoedvaldomagalhaes.com.br\/?p=101910"},"modified":"2023-10-16T19:56:33","modified_gmt":"2023-10-16T22:56:33","slug":"confira-as-novas-datas-do-cronograma-do-edital-de-demais-linguagens","status":"publish","type":"post","link":"https:\/\/blogdoedvaldomagalhaes.com.br\/index.php\/2023\/10\/16\/confira-as-novas-datas-do-cronograma-do-edital-de-demais-linguagens\/","title":{"rendered":"Confira as novas datas do cronograma do edital de demais linguagens"},"content":{"rendered":"<p><span style=\"font-size: revert;\">A Prefeitura de Caruaru, por meio da Funda\u00e7\u00e3o de Cultura, divulga as novas datas do cronograma do edital para projetos de demais linguagens, que integra a Lei Complementar 195\/2022 \u2013 Lei Paulo Gustavo (LPG).<\/span><\/p>\n<p>As mudan\u00e7as foram feitas como forma de garantir que os inabilitados possam apresentar seus recursos, para que o processo se torne ainda mais democr\u00e1tico. O edital, os anexos e o novo cronograma est\u00e3o dispon\u00edveis no site da prefeitura, por meio do link: https:\/\/caruaru.pe.gov.br\/lei-paulo-gustavo\/.<\/p>\n<p>Confira abaixo como ficam as novas datas:<\/p>\n<p>Publica\u00e7\u00e3o do Edital e per\u00edodo de inscri\u00e7\u00f5es: de 30\/08 a 29\/09\/2023<br \/>\nPublica\u00e7\u00e3o das propostas habilitadas e n\u00e3o habilitadas: 11\/10\/2023<br \/>\nPer\u00edodo recursal para as propostas habilitadas e inabilitadas: de 17 a 19\/10\/2023<br \/>\nDivulga\u00e7\u00e3o do resultado dos recursos: 20\/10\/2023<br \/>\nAn\u00e1lise de m\u00e9rito cultural: de 23 a 25\/10\/2023<br \/>\nPublica\u00e7\u00e3o do resultado da an\u00e1lise do m\u00e9rito cultural: 27\/10\/2023<br \/>\nPer\u00edodo Recursal: dias 30 e 31\/10 e 01\/11\/2023<br \/>\nRespostas dos Recursos: 03\/11\/2023<br \/>\nPer\u00edodo do envio da documenta\u00e7\u00e3o para an\u00e1lise: de 06 a 10\/11\/2023<br \/>\nPer\u00edodo de an\u00e1lise documental e habilita\u00e7\u00e3o: de 13 a 17\/10\/2023<br \/>\nDivulga\u00e7\u00e3o da lista de habilitados e inabilitados: 20\/11\/2023<br \/>\nPer\u00edodo dos recursos da habilita\u00e7\u00e3o ou inabilita\u00e7\u00e3o: de 21 a 23\/11\/2023<br \/>\nPrazo para assinatura do Termo de Execu\u00e7\u00e3o: de 24\/11 a 01\/12\/2023<br \/>\nPer\u00edodo para pagamento aos benefici\u00e1rios: at\u00e9 30\/12\/2023<\/p>\n","protected":false},"excerpt":{"rendered":"<p>A Prefeitura de Caruaru, por meio da Funda\u00e7\u00e3o de Cultura, divulga as novas datas do cronograma do edital para projetos&hellip;<\/p>\n","protected":false},"author":1,"featured_media":101911,"comment_status":"closed","ping_status":"open","sticky":false,"template":"","format":"standard","meta":{"footnotes":""},"categories":[14120],"tags":[28803,2,28801,3406,28864],"class_list":["post-101910","post","type-post","status-publish","format-standard","has-post-thumbnail","hentry","category-noticias","tag-blog-com-mais-visualizacoes","tag-blog-do-edvaldo-magalhaes","tag-blog-mais-acessado","tag-caruaru","tag-confira-as-novas-datas-do-cronograma-do-edital-de-demais-linguagens"],"_links":{"self":[{"href":"https:\/\/blogdoedvaldomagalhaes.com.br\/index.php\/wp-json\/wp\/v2\/posts\/101910","targetHints":{"allow":["GET"]}}],"collection":[{"href":"https:\/\/blogdoedvaldomagalhaes.com.br\/index.php\/wp-json\/wp\/v2\/posts"}],"about":[{"href":"https:\/\/blogdoedvaldomagalhaes.com.br\/index.php\/wp-json\/wp\/v2\/types\/post"}],"author":[{"embeddable":true,"href":"https:\/\/blogdoedvaldomagalhaes.com.br\/index.php\/wp-json\/wp\/v2\/users\/1"}],"replies":[{"embeddable":true,"href":"https:\/\/blogdoedvaldomagalhaes.com.br\/index.php\/wp-json\/wp\/v2\/comments?post=101910"}],"version-history":[{"count":1,"href":"https:\/\/blogdoedvaldomagalhaes.com.br\/index.php\/wp-json\/wp\/v2\/posts\/101910\/revisions"}],"predecessor-version":[{"id":101912,"href":"https:\/\/blogdoedvaldomagalhaes.com.br\/index.php\/wp-json\/wp\/v2\/posts\/101910\/revisions\/101912"}],"wp:featuredmedia":[{"embeddable":true,"href":"https:\/\/blogdoedvaldomagalhaes.com.br\/index.php\/wp-json\/wp\/v2\/media\/101911"}],"wp:attachment":[{"href":"https:\/\/blogdoedvaldomagalhaes.com.br\/index.php\/wp-json\/wp\/v2\/media?parent=101910"}],"wp:term":[{"taxonomy":"category","embeddable":true,"href":"https:\/\/blogdoedvaldomagalhaes.com.br\/index.php\/wp-json\/wp\/v2\/categories?post=101910"},{"taxonomy":"post_tag","embeddable":true,"href":"https:\/\/blogdoedvaldomagalhaes.com.br\/index.php\/wp-json\/wp\/v2\/tags?post=101910"}],"curies":[{"name":"wp","href":"https:\/\/api.w.org\/{rel}","templated":true}]}}