{"id":101907,"date":"2023-10-16T19:33:00","date_gmt":"2023-10-16T22:33:00","guid":{"rendered":"https:\/\/blogdoedvaldomagalhaes.com.br\/?p=101907"},"modified":"2023-10-16T19:33:01","modified_gmt":"2023-10-16T22:33:01","slug":"anderson-correia-visita-hemope-e-se-dispoe-a-buscar-recursos-para-demandas-da-instituicao","status":"publish","type":"post","link":"https:\/\/blogdoedvaldomagalhaes.com.br\/index.php\/2023\/10\/16\/anderson-correia-visita-hemope-e-se-dispoe-a-buscar-recursos-para-demandas-da-instituicao\/","title":{"rendered":"Anderson Correia visita Hemope e se disp\u00f5e a buscar recursos para demandas da institui\u00e7\u00e3o"},"content":{"rendered":"<p><span style=\"font-size: revert;\">O vereador Anderson Correia esteve visitando o Hemope Caruaru na manh\u00e3 desta segunda-feira (16), onde se reuniu com os gestores Dr. Neves, Diretor t\u00e9cnico, e Jos\u00e9 Bezerra, Coordenador. Na ocasi\u00e3o, o parlamentar ouviu as necessidades do \u00f3rg\u00e3o, e por meio de seu gabinete, vai solicitar melhorias para o local, como a amplia\u00e7\u00e3o da institui\u00e7\u00e3o para ampliar o n\u00famero de atendimentos na Capital do Agreste, al\u00e9m de outras demandas, como a solicita\u00e7\u00e3o de um carro para o trabalho dos servidores.<\/span><\/p>\n<p>\u201cO trabalho feito no Hemope \u00e9 digno de aplausos sempre, pois o foco sempre \u00e9 em salvar vidas. Por\u00e9m, a institui\u00e7\u00e3o precisa urgente de uma aten\u00e7\u00e3o maior do Poder P\u00fablico para melhorias no local. Estive com o Dr. Neves e com o senhor Jos\u00e9 Bezerra, que nos trouxe todas as necessidades, que vamos pleitear em todas as esferas p\u00fablicas, seja municipal, estadual e federal, para buscar recursos, na casa de R$ 1 milh\u00e3o, por meio de emendas parlamentares, visando ampliar a estrutura do lugar e, assim, atender mais pessoas todos os dias. Al\u00e9m de algo essencial, que \u00e9 um autom\u00f3vel para o trabalho di\u00e1rio dos servidores, que a institui\u00e7\u00e3o n\u00e3o tem. O Hemope precisa do olhar sens\u00edvel do Poder P\u00fablico, e vamos em busca disso\u201d, destacou Anderson.<\/p>\n<p>Foto: Divulga\u00e7\u00e3o.<\/p>\n<p>Siga o Instagram do Blog para comentar @blogdoedvaldomagalhaes<\/p>\n<p>Se inscreva no canal do Blog no YouTube<\/p>\n","protected":false},"excerpt":{"rendered":"<p>O vereador Anderson Correia esteve visitando o Hemope Caruaru na manh\u00e3 desta segunda-feira (16), onde se reuniu com os gestores&hellip;<\/p>\n","protected":false},"author":1,"featured_media":101908,"comment_status":"closed","ping_status":"open","sticky":false,"template":"","format":"standard","meta":{"footnotes":""},"categories":[14122],"tags":[28863,28803,2,28801,3406,20295],"class_list":["post-101907","post","type-post","status-publish","format-standard","has-post-thumbnail","hentry","category-politica","tag-anderson-correia-visita-hemope-e-se-dispoe-a-buscar-recursos-para-demandas-da-instituicao","tag-blog-com-mais-visualizacoes","tag-blog-do-edvaldo-magalhaes","tag-blog-mais-acessado","tag-caruaru","tag-politica-2"],"_links":{"self":[{"href":"https:\/\/blogdoedvaldomagalhaes.com.br\/index.php\/wp-json\/wp\/v2\/posts\/101907","targetHints":{"allow":["GET"]}}],"collection":[{"href":"https:\/\/blogdoedvaldomagalhaes.com.br\/index.php\/wp-json\/wp\/v2\/posts"}],"about":[{"href":"https:\/\/blogdoedvaldomagalhaes.com.br\/index.php\/wp-json\/wp\/v2\/types\/post"}],"author":[{"embeddable":true,"href":"https:\/\/blogdoedvaldomagalhaes.com.br\/index.php\/wp-json\/wp\/v2\/users\/1"}],"replies":[{"embeddable":true,"href":"https:\/\/blogdoedvaldomagalhaes.com.br\/index.php\/wp-json\/wp\/v2\/comments?post=101907"}],"version-history":[{"count":1,"href":"https:\/\/blogdoedvaldomagalhaes.com.br\/index.php\/wp-json\/wp\/v2\/posts\/101907\/revisions"}],"predecessor-version":[{"id":101909,"href":"https:\/\/blogdoedvaldomagalhaes.com.br\/index.php\/wp-json\/wp\/v2\/posts\/101907\/revisions\/101909"}],"wp:featuredmedia":[{"embeddable":true,"href":"https:\/\/blogdoedvaldomagalhaes.com.br\/index.php\/wp-json\/wp\/v2\/media\/101908"}],"wp:attachment":[{"href":"https:\/\/blogdoedvaldomagalhaes.com.br\/index.php\/wp-json\/wp\/v2\/media?parent=101907"}],"wp:term":[{"taxonomy":"category","embeddable":true,"href":"https:\/\/blogdoedvaldomagalhaes.com.br\/index.php\/wp-json\/wp\/v2\/categories?post=101907"},{"taxonomy":"post_tag","embeddable":true,"href":"https:\/\/blogdoedvaldomagalhaes.com.br\/index.php\/wp-json\/wp\/v2\/tags?post=101907"}],"curies":[{"name":"wp","href":"https:\/\/api.w.org\/{rel}","templated":true}]}}