{"id":101904,"date":"2023-10-16T12:10:49","date_gmt":"2023-10-16T15:10:49","guid":{"rendered":"https:\/\/blogdoedvaldomagalhaes.com.br\/?p=101904"},"modified":"2023-10-16T12:10:50","modified_gmt":"2023-10-16T15:10:50","slug":"duas-mortes-e-53-pessoas-feridas-no-feriadao-nas-rodovias-de-pernambuco","status":"publish","type":"post","link":"https:\/\/blogdoedvaldomagalhaes.com.br\/index.php\/2023\/10\/16\/duas-mortes-e-53-pessoas-feridas-no-feriadao-nas-rodovias-de-pernambuco\/","title":{"rendered":"Duas mortes e 53 pessoas feridas no feriad\u00e3o nas rodovias de Pernambuco"},"content":{"rendered":"<p>Com a expectativa de aumento na circula\u00e7\u00e3o de ve\u00edculos nas rodovias que cortam Pernambuco devido ao feriado de 12 de outubro, a Pol\u00edcia Rodovi\u00e1ria Federal (PRF) iniciou, na quarta-feira (11), a Opera\u00e7\u00e3o Nossa Senhora Aparecida 2023. A\u00e7\u00f5es de fiscaliza\u00e7\u00e3o, educa\u00e7\u00e3o para o tr\u00e2nsito e seguran\u00e7a vi\u00e1ria foram intensificadas at\u00e9 este domingo (15), em todo o estado.<\/p>\n<p>A previs\u00e3o de tempo ensolarado para o feriado se confirmou e atraiu muitas fam\u00edlias ao litoral do estado e aumentou o fluxo de ve\u00edculos na BR 101 Norte e Sul. As BRs 232, 104, 407 e 428, que levam ao Agreste e Sert\u00e3o, tamb\u00e9m apresentaram um tr\u00e2nsito mais intenso nesse per\u00edodo.<\/p>\n<p>Com refor\u00e7o no efetivo e com fiscaliza\u00e7\u00f5es mais assertivas em pontos considerados de maior probabilidade de colis\u00f5es e criminalidade, a PRF registrou, durante os cinco dias de opera\u00e7\u00e3o, 45 sinistros de tr\u00e2nsito, que resultaram em 53 pessoas feridas e duas mortes. Na \u00faltima opera\u00e7\u00e3o com cinco dias realizada pela PRF, a Opera\u00e7\u00e3o Corpus Christi, realizada de 07 a 11 de junho, a PRF registrou 49 sinistros, 35 feridos e seis mortes.<\/p>\n<p>No ranking das infra\u00e7\u00f5es mais cometidas nas BRs do estado durante a Opera\u00e7\u00e3o Nossa Senhora Aparecida 2023 est\u00e3o as ultrapassagens indevidas (161), o n\u00e3o uso do cinto de seguran\u00e7a (86), alcoolemia ao volante (29), n\u00e3o uso do capacete (37), a desobedi\u00eancia ao descanso obrigat\u00f3rio por parte dos motoristas profissionais (40) e a falta da cadeirinha (19). O excesso de velocidade merece destaque. Com refor\u00e7o nesse tipo de fiscaliza\u00e7\u00e3o, a PRF chegou a flagrar com o radar fotogr\u00e1fico cerca de 631 motoristas dirigindo muito al\u00e9m da velocidade estabelecida pela via.<\/p>\n<p>A\u00e7\u00f5es educativas e de direitos humanos sensibilizaram mais de mil motoristas e passageiros, alertando sobre o papel de cada um na seguran\u00e7a do tr\u00e2nsito. No total, cerca de 5,7 mil ve\u00edculos e 6,2 mil pessoas foram fiscalizadas. Mais de 1,7 mil testes do \u201cbaf\u00f4metro\u201d foram aplicados. A PRF registrou ainda 106 aux\u00edlios a usu\u00e1rios que precisaram dos agentes por problemas na viagem, a exemplo das panes mec\u00e2nicas. Por diversos tipos de irregularidades, 241 ve\u00edculos tiveram que ser recolhidos.<br \/>\nFoto: Divulga\u00e7\u00e3o.<br \/>\nSiga o Instagram do Blog para comentar @blogdoedvaldomagalhaes<br \/>\nSe inscreva no canal do Blog no You Tube<\/p>\n","protected":false},"excerpt":{"rendered":"<p>Com a expectativa de aumento na circula\u00e7\u00e3o de ve\u00edculos nas rodovias que cortam Pernambuco devido ao feriado de 12 de&hellip;<\/p>\n","protected":false},"author":1,"featured_media":101905,"comment_status":"closed","ping_status":"open","sticky":false,"template":"","format":"standard","meta":{"footnotes":""},"categories":[14120],"tags":[28803,2,28801,3406,28862],"class_list":["post-101904","post","type-post","status-publish","format-standard","has-post-thumbnail","hentry","category-noticias","tag-blog-com-mais-visualizacoes","tag-blog-do-edvaldo-magalhaes","tag-blog-mais-acessado","tag-caruaru","tag-duas-mortes-e-53-pessoas-feridas-no-feriadao-nas-rodovias-de-pernambuco"],"_links":{"self":[{"href":"https:\/\/blogdoedvaldomagalhaes.com.br\/index.php\/wp-json\/wp\/v2\/posts\/101904","targetHints":{"allow":["GET"]}}],"collection":[{"href":"https:\/\/blogdoedvaldomagalhaes.com.br\/index.php\/wp-json\/wp\/v2\/posts"}],"about":[{"href":"https:\/\/blogdoedvaldomagalhaes.com.br\/index.php\/wp-json\/wp\/v2\/types\/post"}],"author":[{"embeddable":true,"href":"https:\/\/blogdoedvaldomagalhaes.com.br\/index.php\/wp-json\/wp\/v2\/users\/1"}],"replies":[{"embeddable":true,"href":"https:\/\/blogdoedvaldomagalhaes.com.br\/index.php\/wp-json\/wp\/v2\/comments?post=101904"}],"version-history":[{"count":1,"href":"https:\/\/blogdoedvaldomagalhaes.com.br\/index.php\/wp-json\/wp\/v2\/posts\/101904\/revisions"}],"predecessor-version":[{"id":101906,"href":"https:\/\/blogdoedvaldomagalhaes.com.br\/index.php\/wp-json\/wp\/v2\/posts\/101904\/revisions\/101906"}],"wp:featuredmedia":[{"embeddable":true,"href":"https:\/\/blogdoedvaldomagalhaes.com.br\/index.php\/wp-json\/wp\/v2\/media\/101905"}],"wp:attachment":[{"href":"https:\/\/blogdoedvaldomagalhaes.com.br\/index.php\/wp-json\/wp\/v2\/media?parent=101904"}],"wp:term":[{"taxonomy":"category","embeddable":true,"href":"https:\/\/blogdoedvaldomagalhaes.com.br\/index.php\/wp-json\/wp\/v2\/categories?post=101904"},{"taxonomy":"post_tag","embeddable":true,"href":"https:\/\/blogdoedvaldomagalhaes.com.br\/index.php\/wp-json\/wp\/v2\/tags?post=101904"}],"curies":[{"name":"wp","href":"https:\/\/api.w.org\/{rel}","templated":true}]}}