{"id":101893,"date":"2023-10-15T21:03:12","date_gmt":"2023-10-16T00:03:12","guid":{"rendered":"https:\/\/blogdoedvaldomagalhaes.com.br\/?p=101893"},"modified":"2023-10-15T21:39:30","modified_gmt":"2023-10-16T00:39:30","slug":"comercio-de-caruaru-e-construcao-civil-nao-funcionam-nesta-segunda-feira-16","status":"publish","type":"post","link":"https:\/\/blogdoedvaldomagalhaes.com.br\/index.php\/2023\/10\/15\/comercio-de-caruaru-e-construcao-civil-nao-funcionam-nesta-segunda-feira-16\/","title":{"rendered":"Com\u00e9rcio de Caruaru e constru\u00e7\u00e3o civil n\u00e3o funcionam nesta segunda-feira (16)"},"content":{"rendered":"<p>Duas importantes categorias comemoram seu dia nesta segunda-feira (16.10), em Caruaru: comerci\u00e1rios e trabalhadores da constru\u00e7\u00e3o civil. Com isso, n\u00e3o haver\u00e1 expediente para esses profissionais.<\/p>\n<p>O com\u00e9rcio e as lojas dos centros de compras n\u00e3o abrem. V\u00e3o funcionar apenas as pra\u00e7as de alimenta\u00e7\u00e3o e os cinemas.<\/p>\n<p>Haver\u00e1 comemora\u00e7\u00e3o do Dia do Comerci\u00e1rio no Sesc Caruaru, das 09h \u00e0s 15h. Entrada: trabalhador com com\u00e9rcio R$ 8. P\u00fablico Geral: R$ 15<br \/>\nTitulares com a credencial arualizada, ter\u00e3o entrada gratuita. Programa\u00e7\u00e3o:<br \/>\n&#8211; Show com Moa\u00e7a<br \/>\n&#8211; Bingo recreativo<br \/>\n&#8211; Aul\u00e3o de zumba<br \/>\n&#8211; Desafios de mesa<br \/>\n&#8211; Jogos de sal\u00e3o<br \/>\n&#8211; Torneio de Futsal<br \/>\n&#8211; Plant\u00e3o central de relacionamento<br \/>\n&#8211; Pedalada do comerci\u00e1rio<\/p>\n<p>Cantina:<br \/>\nFeijoada, petiscos, lanches, bebidas, clone de caldinho e combos.<\/p>\n<p>Para participar da Pedalada \u00e9 s\u00f3 preencher o link abaixo:<br \/>\nhttps:\/\/i3d.me\/XtWwMg<br \/>\nNo credenciamento voc\u00ea receber\u00e1: Kit hidrata\u00e7\u00e3o com frutas, \u00e1gua e ingresso para a festa do Comerci\u00e1rio.<\/p>\n<p>O Sindicato dos Trabalhadores da Constru\u00e7\u00e3o Civil de Caruaru &#8211; Sintracon, realiza o II Encontro de Violeiros e Contadores, no Clube de Campo, em Serra Verde, a partir das 10h.<\/p>\n<p>Foto: Helenivaldo Pereira.<\/p>\n<p>Siga o Instagram do Blog para comentar @blogdoedvaldomagalhaes<\/p>\n<p>Se inscreva no canal do Blog no YouTube<\/p>\n<p><img loading=\"lazy\" decoding=\"async\" src=\"https:\/\/blogdoedvaldomagalhaes.com.br\/wp-content\/uploads\/2023\/10\/img-20231013-wa00438432361131432657419.jpg\" class=\"wp-image-101900 alignnone size-full\" width=\"1080\" height=\"1080\" srcset=\"https:\/\/blogdoedvaldomagalhaes.com.br\/wp-content\/uploads\/2023\/10\/img-20231013-wa00438432361131432657419.jpg 1080w, https:\/\/blogdoedvaldomagalhaes.com.br\/wp-content\/uploads\/2023\/10\/img-20231013-wa00438432361131432657419-300x300.jpg 300w, https:\/\/blogdoedvaldomagalhaes.com.br\/wp-content\/uploads\/2023\/10\/img-20231013-wa00438432361131432657419-1024x1024.jpg 1024w, https:\/\/blogdoedvaldomagalhaes.com.br\/wp-content\/uploads\/2023\/10\/img-20231013-wa00438432361131432657419-150x150.jpg 150w, https:\/\/blogdoedvaldomagalhaes.com.br\/wp-content\/uploads\/2023\/10\/img-20231013-wa00438432361131432657419-768x768.jpg 768w\" sizes=\"auto, (max-width: 1080px) 100vw, 1080px\" \/><\/p>\n","protected":false},"excerpt":{"rendered":"<p>Duas importantes categorias comemoram seu dia nesta segunda-feira (16.10), em Caruaru: comerci\u00e1rios e trabalhadores da constru\u00e7\u00e3o civil. Com isso, n\u00e3o&hellip;<\/p>\n","protected":false},"author":1,"featured_media":101894,"comment_status":"closed","ping_status":"open","sticky":false,"template":"","format":"standard","meta":{"footnotes":""},"categories":[14120],"tags":[28803,2,28801,3406,28861,28860],"class_list":["post-101893","post","type-post","status-publish","format-standard","has-post-thumbnail","hentry","category-noticias","tag-blog-com-mais-visualizacoes","tag-blog-do-edvaldo-magalhaes","tag-blog-mais-acessado","tag-caruaru","tag-comerciario","tag-comercio-de-caruaru-e-construcao-civil-nao-funcionam-nesta-segunda-feira-16"],"_links":{"self":[{"href":"https:\/\/blogdoedvaldomagalhaes.com.br\/index.php\/wp-json\/wp\/v2\/posts\/101893","targetHints":{"allow":["GET"]}}],"collection":[{"href":"https:\/\/blogdoedvaldomagalhaes.com.br\/index.php\/wp-json\/wp\/v2\/posts"}],"about":[{"href":"https:\/\/blogdoedvaldomagalhaes.com.br\/index.php\/wp-json\/wp\/v2\/types\/post"}],"author":[{"embeddable":true,"href":"https:\/\/blogdoedvaldomagalhaes.com.br\/index.php\/wp-json\/wp\/v2\/users\/1"}],"replies":[{"embeddable":true,"href":"https:\/\/blogdoedvaldomagalhaes.com.br\/index.php\/wp-json\/wp\/v2\/comments?post=101893"}],"version-history":[{"count":5,"href":"https:\/\/blogdoedvaldomagalhaes.com.br\/index.php\/wp-json\/wp\/v2\/posts\/101893\/revisions"}],"predecessor-version":[{"id":101903,"href":"https:\/\/blogdoedvaldomagalhaes.com.br\/index.php\/wp-json\/wp\/v2\/posts\/101893\/revisions\/101903"}],"wp:featuredmedia":[{"embeddable":true,"href":"https:\/\/blogdoedvaldomagalhaes.com.br\/index.php\/wp-json\/wp\/v2\/media\/101894"}],"wp:attachment":[{"href":"https:\/\/blogdoedvaldomagalhaes.com.br\/index.php\/wp-json\/wp\/v2\/media?parent=101893"}],"wp:term":[{"taxonomy":"category","embeddable":true,"href":"https:\/\/blogdoedvaldomagalhaes.com.br\/index.php\/wp-json\/wp\/v2\/categories?post=101893"},{"taxonomy":"post_tag","embeddable":true,"href":"https:\/\/blogdoedvaldomagalhaes.com.br\/index.php\/wp-json\/wp\/v2\/tags?post=101893"}],"curies":[{"name":"wp","href":"https:\/\/api.w.org\/{rel}","templated":true}]}}