{"id":101890,"date":"2023-10-15T14:14:25","date_gmt":"2023-10-15T17:14:25","guid":{"rendered":"https:\/\/blogdoedvaldomagalhaes.com.br\/?p=101890"},"modified":"2023-10-15T14:14:26","modified_gmt":"2023-10-15T17:14:26","slug":"pm-apreende-mais-de-quatro-quilos-de-maconha","status":"publish","type":"post","link":"https:\/\/blogdoedvaldomagalhaes.com.br\/index.php\/2023\/10\/15\/pm-apreende-mais-de-quatro-quilos-de-maconha\/","title":{"rendered":"PM apreende mais de quatro quilos de maconha"},"content":{"rendered":"<p>Uma equipe da 1\u00aa CIPM apreendeu, na manh\u00e3 deste s\u00e1bado(14), 4,2 Kg de maconha pronta para o consumo, na Zona Rural de Itacuruba.<\/p>\n<p>Os policiais militares foram averiguar uma den\u00fancia de tr\u00e1fico na regi\u00e3o. Durante as dilig\u00eancias foi encontrado um saco de nylon com o entorpecente. O material foi apresentado \u00e0 Delegacia de Pol\u00edcia Civil para ado\u00e7\u00e3o dos procedimentos cab\u00edveis.<br \/>\nFoto: Divulga\u00e7\u00e3o\/PMPE.<br \/>\nSiga o Instagram do Blog @blogdoedvaldomagalhaes<br \/>\nSe inscreva no canal do Blog no You Tube<\/p>\n","protected":false},"excerpt":{"rendered":"<p>Uma equipe da 1\u00aa CIPM apreendeu, na manh\u00e3 deste s\u00e1bado(14), 4,2 Kg de maconha pronta para o consumo, na Zona&hellip;<\/p>\n","protected":false},"author":1,"featured_media":101891,"comment_status":"closed","ping_status":"open","sticky":false,"template":"","format":"standard","meta":{"footnotes":""},"categories":[14121],"tags":[28803,2,28801,3406,28859],"class_list":["post-101890","post","type-post","status-publish","format-standard","has-post-thumbnail","hentry","category-policial","tag-blog-com-mais-visualizacoes","tag-blog-do-edvaldo-magalhaes","tag-blog-mais-acessado","tag-caruaru","tag-pm-apreende-mais-de-quatro-quilos-de-maconha"],"_links":{"self":[{"href":"https:\/\/blogdoedvaldomagalhaes.com.br\/index.php\/wp-json\/wp\/v2\/posts\/101890","targetHints":{"allow":["GET"]}}],"collection":[{"href":"https:\/\/blogdoedvaldomagalhaes.com.br\/index.php\/wp-json\/wp\/v2\/posts"}],"about":[{"href":"https:\/\/blogdoedvaldomagalhaes.com.br\/index.php\/wp-json\/wp\/v2\/types\/post"}],"author":[{"embeddable":true,"href":"https:\/\/blogdoedvaldomagalhaes.com.br\/index.php\/wp-json\/wp\/v2\/users\/1"}],"replies":[{"embeddable":true,"href":"https:\/\/blogdoedvaldomagalhaes.com.br\/index.php\/wp-json\/wp\/v2\/comments?post=101890"}],"version-history":[{"count":1,"href":"https:\/\/blogdoedvaldomagalhaes.com.br\/index.php\/wp-json\/wp\/v2\/posts\/101890\/revisions"}],"predecessor-version":[{"id":101892,"href":"https:\/\/blogdoedvaldomagalhaes.com.br\/index.php\/wp-json\/wp\/v2\/posts\/101890\/revisions\/101892"}],"wp:featuredmedia":[{"embeddable":true,"href":"https:\/\/blogdoedvaldomagalhaes.com.br\/index.php\/wp-json\/wp\/v2\/media\/101891"}],"wp:attachment":[{"href":"https:\/\/blogdoedvaldomagalhaes.com.br\/index.php\/wp-json\/wp\/v2\/media?parent=101890"}],"wp:term":[{"taxonomy":"category","embeddable":true,"href":"https:\/\/blogdoedvaldomagalhaes.com.br\/index.php\/wp-json\/wp\/v2\/categories?post=101890"},{"taxonomy":"post_tag","embeddable":true,"href":"https:\/\/blogdoedvaldomagalhaes.com.br\/index.php\/wp-json\/wp\/v2\/tags?post=101890"}],"curies":[{"name":"wp","href":"https:\/\/api.w.org\/{rel}","templated":true}]}}