{"id":101887,"date":"2023-10-15T11:53:50","date_gmt":"2023-10-15T14:53:50","guid":{"rendered":"https:\/\/blogdoedvaldomagalhaes.com.br\/?p=101887"},"modified":"2023-10-15T11:53:51","modified_gmt":"2023-10-15T14:53:51","slug":"homem-desce-de-carro-em-atitude-suspeita-e-e-preso-pelo-bprp-com-dois-quilos-de-maconha","status":"publish","type":"post","link":"https:\/\/blogdoedvaldomagalhaes.com.br\/index.php\/2023\/10\/15\/homem-desce-de-carro-em-atitude-suspeita-e-e-preso-pelo-bprp-com-dois-quilos-de-maconha\/","title":{"rendered":"Homem desce de carro em atitude suspeita e \u00e9 preso pelo BPRP com dois quilos de maconha"},"content":{"rendered":"<p><span style=\"font-size: revert;\">Nesse s\u00e1bado (14), policiais militares do Batalh\u00e3o de Radiopatrulha prenderam um suspeito com dois tabletes de maconha, pesando dois quilos.<\/span><\/p>\n<p>A equipe passava pelo viaduto Capit\u00e3o Temudo quando viu uma pessoa descendo de um ve\u00edculo em atitude suspeita. Ao realizar a abordagem o efetivo encontrou o entorpecente. A concorr\u00eancia foi encaminhada para a Central de Plant\u00f5es para serem adotadas as medidas cab\u00edveis. Foto: Divulga\u00e7\u00e3o.<\/p>\n<p>Siga o Instagram do Blog @blogdoedvaldomagalhaes<\/p>\n<p>Se inscreva no canal do Blog no YouTube<\/p>\n","protected":false},"excerpt":{"rendered":"<p>Nesse s\u00e1bado (14), policiais militares do Batalh\u00e3o de Radiopatrulha prenderam um suspeito com dois tabletes de maconha, pesando dois quilos.&hellip;<\/p>\n","protected":false},"author":1,"featured_media":101888,"comment_status":"closed","ping_status":"open","sticky":false,"template":"","format":"standard","meta":{"footnotes":""},"categories":[14121],"tags":[28803,2,28801,28858],"class_list":["post-101887","post","type-post","status-publish","format-standard","has-post-thumbnail","hentry","category-policial","tag-blog-com-mais-visualizacoes","tag-blog-do-edvaldo-magalhaes","tag-blog-mais-acessado","tag-homem-desce-de-carro-em-atitude-suspeita-e-e-preso-pelo-bprp-com-dois-quilos-de-maconha"],"_links":{"self":[{"href":"https:\/\/blogdoedvaldomagalhaes.com.br\/index.php\/wp-json\/wp\/v2\/posts\/101887","targetHints":{"allow":["GET"]}}],"collection":[{"href":"https:\/\/blogdoedvaldomagalhaes.com.br\/index.php\/wp-json\/wp\/v2\/posts"}],"about":[{"href":"https:\/\/blogdoedvaldomagalhaes.com.br\/index.php\/wp-json\/wp\/v2\/types\/post"}],"author":[{"embeddable":true,"href":"https:\/\/blogdoedvaldomagalhaes.com.br\/index.php\/wp-json\/wp\/v2\/users\/1"}],"replies":[{"embeddable":true,"href":"https:\/\/blogdoedvaldomagalhaes.com.br\/index.php\/wp-json\/wp\/v2\/comments?post=101887"}],"version-history":[{"count":1,"href":"https:\/\/blogdoedvaldomagalhaes.com.br\/index.php\/wp-json\/wp\/v2\/posts\/101887\/revisions"}],"predecessor-version":[{"id":101889,"href":"https:\/\/blogdoedvaldomagalhaes.com.br\/index.php\/wp-json\/wp\/v2\/posts\/101887\/revisions\/101889"}],"wp:featuredmedia":[{"embeddable":true,"href":"https:\/\/blogdoedvaldomagalhaes.com.br\/index.php\/wp-json\/wp\/v2\/media\/101888"}],"wp:attachment":[{"href":"https:\/\/blogdoedvaldomagalhaes.com.br\/index.php\/wp-json\/wp\/v2\/media?parent=101887"}],"wp:term":[{"taxonomy":"category","embeddable":true,"href":"https:\/\/blogdoedvaldomagalhaes.com.br\/index.php\/wp-json\/wp\/v2\/categories?post=101887"},{"taxonomy":"post_tag","embeddable":true,"href":"https:\/\/blogdoedvaldomagalhaes.com.br\/index.php\/wp-json\/wp\/v2\/tags?post=101887"}],"curies":[{"name":"wp","href":"https:\/\/api.w.org\/{rel}","templated":true}]}}