{"id":101884,"date":"2023-10-15T11:42:11","date_gmt":"2023-10-15T14:42:11","guid":{"rendered":"https:\/\/blogdoedvaldomagalhaes.com.br\/?p=101884"},"modified":"2023-10-15T11:46:35","modified_gmt":"2023-10-15T14:46:35","slug":"guarda-municipal-de-caruaru-conduz-a-delegacia-homem-suspeito-de-arrombamento-a-estabelecimento-comercial","status":"publish","type":"post","link":"https:\/\/blogdoedvaldomagalhaes.com.br\/index.php\/2023\/10\/15\/guarda-municipal-de-caruaru-conduz-a-delegacia-homem-suspeito-de-arrombamento-a-estabelecimento-comercial\/","title":{"rendered":"Guarda Municipal de Caruaru conduz \u00e0 delegacia homem suspeito de arrombamento a estabelecimento comercial"},"content":{"rendered":"<p><span style=\"font-size: revert;\">Na madrugada desse s\u00e1bado (14), a Guarda Municipal de Caruaru (GM), estava realizando rondas pelo cento da cidade, quando perceberam um homem em atitude suspeita na rua Vidal de Negreiros. Ele estaria arrombando um estabelecimento comercial.<\/span><\/p>\n<p>Com a chegada da equipe, o suspeito ficou tentando se esconder atr\u00e1s de uma \u00e1rvore. Ap\u00f3s ser abordado foi encontrado alguns pertences do estabelecimento. A GM conduziu o suspeito \u00e0 Delegacia de Plant\u00e3o para as provid\u00eancias cab\u00edveis. Foto: Divulga\u00e7\u00e3o.<\/p>\n<p>Siga o Instagram do Blog para comentar @blogdoedvaldomagalhaes<\/p>\n<p>Se inscreva no canal do Blog no YouTube<\/p>\n","protected":false},"excerpt":{"rendered":"<p>Na madrugada desse s\u00e1bado (14), a Guarda Municipal de Caruaru (GM), estava realizando rondas pelo cento da cidade, quando perceberam&hellip;<\/p>\n","protected":false},"author":1,"featured_media":101886,"comment_status":"closed","ping_status":"open","sticky":false,"template":"","format":"standard","meta":{"footnotes":""},"categories":[14120],"tags":[28803,2,28801,3406],"class_list":["post-101884","post","type-post","status-publish","format-standard","has-post-thumbnail","hentry","category-noticias","tag-blog-com-mais-visualizacoes","tag-blog-do-edvaldo-magalhaes","tag-blog-mais-acessado","tag-caruaru"],"_links":{"self":[{"href":"https:\/\/blogdoedvaldomagalhaes.com.br\/index.php\/wp-json\/wp\/v2\/posts\/101884","targetHints":{"allow":["GET"]}}],"collection":[{"href":"https:\/\/blogdoedvaldomagalhaes.com.br\/index.php\/wp-json\/wp\/v2\/posts"}],"about":[{"href":"https:\/\/blogdoedvaldomagalhaes.com.br\/index.php\/wp-json\/wp\/v2\/types\/post"}],"author":[{"embeddable":true,"href":"https:\/\/blogdoedvaldomagalhaes.com.br\/index.php\/wp-json\/wp\/v2\/users\/1"}],"replies":[{"embeddable":true,"href":"https:\/\/blogdoedvaldomagalhaes.com.br\/index.php\/wp-json\/wp\/v2\/comments?post=101884"}],"version-history":[{"count":1,"href":"https:\/\/blogdoedvaldomagalhaes.com.br\/index.php\/wp-json\/wp\/v2\/posts\/101884\/revisions"}],"predecessor-version":[{"id":101885,"href":"https:\/\/blogdoedvaldomagalhaes.com.br\/index.php\/wp-json\/wp\/v2\/posts\/101884\/revisions\/101885"}],"wp:featuredmedia":[{"embeddable":true,"href":"https:\/\/blogdoedvaldomagalhaes.com.br\/index.php\/wp-json\/wp\/v2\/media\/101886"}],"wp:attachment":[{"href":"https:\/\/blogdoedvaldomagalhaes.com.br\/index.php\/wp-json\/wp\/v2\/media?parent=101884"}],"wp:term":[{"taxonomy":"category","embeddable":true,"href":"https:\/\/blogdoedvaldomagalhaes.com.br\/index.php\/wp-json\/wp\/v2\/categories?post=101884"},{"taxonomy":"post_tag","embeddable":true,"href":"https:\/\/blogdoedvaldomagalhaes.com.br\/index.php\/wp-json\/wp\/v2\/tags?post=101884"}],"curies":[{"name":"wp","href":"https:\/\/api.w.org\/{rel}","templated":true}]}}