{"id":101566,"date":"2023-10-05T16:20:50","date_gmt":"2023-10-05T19:20:50","guid":{"rendered":"https:\/\/blogdoedvaldomagalhaes.com.br\/?p=101566"},"modified":"2023-10-05T16:20:51","modified_gmt":"2023-10-05T19:20:51","slug":"novos-integrantes-do-conselho-estadual-de-politica-cultural-sao-empossados","status":"publish","type":"post","link":"https:\/\/blogdoedvaldomagalhaes.com.br\/index.php\/2023\/10\/05\/novos-integrantes-do-conselho-estadual-de-politica-cultural-sao-empossados\/","title":{"rendered":"Novos integrantes do Conselho Estadual de Pol\u00edtica Cultural s\u00e3o empossados"},"content":{"rendered":"\n<p>A governadora Raquel Lyra empossou, nesta quinta-feira (05), os novos integrantes do Conselho Estadual de Pol\u00edtica Cultural \u2013 CEPC-PE, composto por 40 membros, sendo 20 eleitos pela sociedade civil e 20 indicados pelo poder p\u00fablico. Os integrantes que assumem o mandato por dois anos, ir\u00e3o representar todos os setores art\u00edstico-culturais e as regi\u00f5es de desenvolvimento do Estado. A solenidade foi realizada no Pal\u00e1cio do Campo das Princesas e contou com a presen\u00e7a da vice-governadora Priscila Krause.<\/p>\n\n\n\n<p>\u201cDemocracia de verdade a gente s\u00f3 faz com di\u00e1logo para que possamos construir a mudan\u00e7a que Pernambuco precisa. Ela passa fundamentalmente por redescobrir a nossa ess\u00eancia e fortalec\u00ea-la, para permitir a gera\u00e7\u00e3o de emprego, oportunidade e, mais do que tudo, a manuten\u00e7\u00e3o e a sobreviv\u00eancia dos nossos fazedores de cultura e da nossa cultura pelas pr\u00f3ximas gera\u00e7\u00f5es. Pernambuco tem uma grande for\u00e7a cultural. Todo mundo que nos v\u00ea no mundo inteiro, nos enxerga a partir dela\u201d, enfatizou Raquel Lyra.<\/p>\n\n\n\n<p>Com recorde de participa\u00e7\u00e3o em 2023, as elei\u00e7\u00f5es foram realizadas por meio da plataforma do Mapa Cultural de Pernambuco, e ampliaram a participa\u00e7\u00e3o de todo estado no processo eleitoral, aumentando a representatividade por meio de entidades e pessoas f\u00edsicas na pol\u00edtica cultural pernambucana.<\/p>\n\n\n\n<p>\u201cTemos representantes de todo o Estado. Os conselheiros t\u00eam a miss\u00e3o de contribuir para o fortalecimento e a democratiza\u00e7\u00e3o da cultura, propondo, deliberando, fiscalizando, monitorando e, claro, ajudando a garantir os direitos culturais de todos os pernambucanos\u201d, afirmou a secret\u00e1ria de Cultura, Cacau de Paula.<\/p>\n\n\n\n<p>A sociedade civil \u00e9 representada pelos segmentos de Arquitetura e Urbanismo; Artes Visuais e Fotografia; Artesanato; Audiovisual; Circo; Dan\u00e7a; Design e Moda; Gastronomia; Literatura; M\u00fasica; Teatro e \u00d3pera; Cultura popular de matriz ib\u00e9rica; Cultura popular de matriz africana; Cultura popular de matriz ind\u00edgena; Produtores culturais; Pontos de cultura; Movimentos sociais, comunit\u00e1rios e de direitos urbanos, de m\u00eddia livre, de juventude e estudantil. Tamb\u00e9m foram eleitos representantes das macrorregi\u00f5es da Zona da Mata, Agreste e Sert\u00e3o.<\/p>\n\n\n\n<p>Conselheiro no segmento do artesanato, Nivaldo Jorge da Silva, de 62 anos, falou sobre a import\u00e2ncia da participa\u00e7\u00e3o da sociedade civil. \u201cNosso Estado \u00e9 aguerrido na cultura, e o Conselho \u00e9 fundamental como um espa\u00e7o de participa\u00e7\u00e3o da sociedade nas a\u00e7\u00f5es culturais. Precisamos dessa parceria para que Pernambuco mostre o seu poder cultural para todo o mundo\u201d, ressaltou.<\/p>\n\n\n\n<p>O Poder P\u00fablico est\u00e1 representado pelas Secretarias de Cultura, da Casa Civil, de Ci\u00eancia, Tecnologia e Informa\u00e7\u00e3o, da Mulher, de Turismo e Lazer, de Educa\u00e7\u00e3o e Esportes, de Desenvolvimento Social, Crian\u00e7a e Juventude; de Justi\u00e7a e Direitos Humanos, de Meio Ambiente e Sustentabilidade, de Desenvolvimento Econ\u00f4mico; Fundarpe, Arquivo P\u00fablico Estadual Jord\u00e3o Emerenciano, Companhia Editora de Pernambuco, Universidade de Pernambuco, Empresa Pernambucana de Comunica\u00e7\u00e3o (EPC), Prefeitura do Recife, Olinda, e, indicados pela Amupe do Agreste, da Mata e do Sert\u00e3o.<\/p>\n\n\n\n<p>Tamb\u00e9m participaram do evento os secret\u00e1rios estaduais coronel Herc\u00edlio Mamede (Casa Militar), Daniel Coelho (Turismo e Lazer) e Guilherme Cavalcanti (Desenvolvimento Econ\u00f4mico); a presidente da Fundarpe, Renata Borba; o representante do Minist\u00e9rio da Cultura em Pernambuco, Anildomar Willians; o promotor de Justi\u00e7a do Minist\u00e9rio P\u00fablico de Pernambuco, Maxwell Vign\u00f3li; e os deputados estaduais Socorro Pimentel e Jo\u00e3o Paulo.<\/p>\n\n\n\n<p>Fotos: Miva Filho\/ Secom<\/p>\n\n\n<p>*Novos integrantes do Conselho Estadual de Pol\u00edtica Cultural s\u00e3o empossados pela governadora Raquel Lyra*<\/p>\n<p>A governadora Raquel Lyra empossou, nesta quinta-feira (05), os novos integrantes do Conselho Estadual de Pol\u00edtica Cultural \u2013 CEPC-PE, composto por 40 membros, sendo 20 eleitos pela sociedade civil e 20 indicados pelo poder p\u00fablico. Os integrantes que assumem o mandato por dois anos, ir\u00e3o representar todos os setores art\u00edstico-culturais e as regi\u00f5es de desenvolvimento do Estado. A solenidade foi realizada no Pal\u00e1cio do Campo das Princesas e contou com a presen\u00e7a da vice-governadora Priscila Krause. <\/p>\n<p>\u201cDemocracia de verdade a gente s\u00f3 faz com di\u00e1logo para que possamos construir a mudan\u00e7a que Pernambuco precisa. Ela passa fundamentalmente por redescobrir a nossa ess\u00eancia e fortalec\u00ea-la, para permitir a gera\u00e7\u00e3o de emprego, oportunidade e, mais do que tudo, a manuten\u00e7\u00e3o e a sobreviv\u00eancia dos nossos fazedores de cultura e da nossa cultura pelas pr\u00f3ximas gera\u00e7\u00f5es. Pernambuco tem uma grande for\u00e7a cultural. Todo mundo que nos v\u00ea no mundo inteiro, nos enxerga a partir dela\u201d, enfatizou Raquel Lyra.<\/p>\n<p>Com recorde de participa\u00e7\u00e3o em 2023, as elei\u00e7\u00f5es foram realizadas por meio da plataforma do Mapa Cultural de Pernambuco, e ampliaram a participa\u00e7\u00e3o de todo estado no processo eleitoral, aumentando a representatividade por meio de entidades e pessoas f\u00edsicas na pol\u00edtica cultural pernambucana.<\/p>\n<p>\u201cTemos representantes de todo o Estado. Os conselheiros t\u00eam a miss\u00e3o de contribuir para o fortalecimento e a democratiza\u00e7\u00e3o da cultura, propondo, deliberando, fiscalizando, monitorando e, claro, ajudando a garantir os direitos culturais de todos os pernambucanos\u201d, afirmou a secret\u00e1ria de Cultura, Cacau de Paula.<\/p>\n<p>A sociedade civil \u00e9 representada pelos segmentos de Arquitetura e Urbanismo; Artes Visuais e Fotografia; Artesanato; Audiovisual; Circo; Dan\u00e7a; Design e Moda; Gastronomia; Literatura; M\u00fasica; Teatro e \u00d3pera; Cultura popular de matriz ib\u00e9rica; Cultura popular de matriz africana; Cultura popular de matriz ind\u00edgena; Produtores culturais; Pontos de cultura; Movimentos sociais, comunit\u00e1rios e de direitos urbanos, de m\u00eddia livre, de juventude e estudantil. Tamb\u00e9m foram eleitos representantes das macrorregi\u00f5es da Zona da Mata, Agreste e Sert\u00e3o.<\/p>\n<p>Conselheiro no segmento do artesanato, Nivaldo Jorge da Silva, de 62 anos, falou sobre a import\u00e2ncia da participa\u00e7\u00e3o da sociedade civil. \u201cNosso Estado \u00e9 aguerrido na cultura, e o Conselho \u00e9 fundamental como um espa\u00e7o de participa\u00e7\u00e3o da sociedade nas a\u00e7\u00f5es culturais. Precisamos dessa parceria para que Pernambuco mostre o seu poder cultural para todo o mundo\u201d, ressaltou.<\/p>\n<p>O Poder P\u00fablico est\u00e1 representado pelas Secretarias de Cultura, da Casa Civil, de Ci\u00eancia, Tecnologia e Informa\u00e7\u00e3o, da Mulher, de Turismo e Lazer, de Educa\u00e7\u00e3o e Esportes, de Desenvolvimento Social, Crian\u00e7a e Juventude; de Justi\u00e7a e Direitos Humanos, de Meio Ambiente e Sustentabilidade, de Desenvolvimento Econ\u00f4mico; Fundarpe, Arquivo P\u00fablico Estadual Jord\u00e3o Emerenciano, Companhia Editora de Pernambuco, Universidade de Pernambuco, Empresa Pernambucana de Comunica\u00e7\u00e3o (EPC), Prefeitura do Recife, Olinda, e, indicados pela Amupe do Agreste, da Mata e do Sert\u00e3o.<\/p>\n<p>Tamb\u00e9m participaram do evento os secret\u00e1rios estaduais coronel Herc\u00edlio Mamede (Casa Militar), Daniel Coelho (Turismo e Lazer) e Guilherme Cavalcanti (Desenvolvimento Econ\u00f4mico); a presidente da Fundarpe, Renata Borba; o representante do Minist\u00e9rio da Cultura em Pernambuco, Anildomar Willians; o promotor de Justi\u00e7a do Minist\u00e9rio P\u00fablico de Pernambuco, Maxwell Vign\u00f3li; e os deputados estaduais Socorro Pimentel e Jo\u00e3o Paulo.<\/p>\n<p>Fotos: Miva Filho\/ Secom.<br \/>\nSiga o Instagram do Blog para comentar @blogdoedvaldomagalhaes<br \/>\nSe inscreva no canal do Blog no You Tube<\/p>","protected":false},"excerpt":{"rendered":"<p>A governadora Raquel Lyra empossou, nesta quinta-feira (05), os novos integrantes do Conselho Estadual de Pol\u00edtica Cultural \u2013 CEPC-PE, composto&hellip;<\/p>\n","protected":false},"author":1,"featured_media":101567,"comment_status":"closed","ping_status":"open","sticky":false,"template":"","format":"standard","meta":{"footnotes":""},"categories":[14122],"tags":[2,19430,3406,28771],"class_list":["post-101566","post","type-post","status-publish","format-standard","has-post-thumbnail","hentry","category-politica","tag-blog-do-edvaldo-magalhaes","tag-blog-mais-acessado-de-caruaru","tag-caruaru","tag-novos-integrantes-do-conselho-estadual-de-politica-cultural-sao-empossados"],"_links":{"self":[{"href":"https:\/\/blogdoedvaldomagalhaes.com.br\/index.php\/wp-json\/wp\/v2\/posts\/101566","targetHints":{"allow":["GET"]}}],"collection":[{"href":"https:\/\/blogdoedvaldomagalhaes.com.br\/index.php\/wp-json\/wp\/v2\/posts"}],"about":[{"href":"https:\/\/blogdoedvaldomagalhaes.com.br\/index.php\/wp-json\/wp\/v2\/types\/post"}],"author":[{"embeddable":true,"href":"https:\/\/blogdoedvaldomagalhaes.com.br\/index.php\/wp-json\/wp\/v2\/users\/1"}],"replies":[{"embeddable":true,"href":"https:\/\/blogdoedvaldomagalhaes.com.br\/index.php\/wp-json\/wp\/v2\/comments?post=101566"}],"version-history":[{"count":1,"href":"https:\/\/blogdoedvaldomagalhaes.com.br\/index.php\/wp-json\/wp\/v2\/posts\/101566\/revisions"}],"predecessor-version":[{"id":101568,"href":"https:\/\/blogdoedvaldomagalhaes.com.br\/index.php\/wp-json\/wp\/v2\/posts\/101566\/revisions\/101568"}],"wp:featuredmedia":[{"embeddable":true,"href":"https:\/\/blogdoedvaldomagalhaes.com.br\/index.php\/wp-json\/wp\/v2\/media\/101567"}],"wp:attachment":[{"href":"https:\/\/blogdoedvaldomagalhaes.com.br\/index.php\/wp-json\/wp\/v2\/media?parent=101566"}],"wp:term":[{"taxonomy":"category","embeddable":true,"href":"https:\/\/blogdoedvaldomagalhaes.com.br\/index.php\/wp-json\/wp\/v2\/categories?post=101566"},{"taxonomy":"post_tag","embeddable":true,"href":"https:\/\/blogdoedvaldomagalhaes.com.br\/index.php\/wp-json\/wp\/v2\/tags?post=101566"}],"curies":[{"name":"wp","href":"https:\/\/api.w.org\/{rel}","templated":true}]}}