{"id":101560,"date":"2023-10-05T13:43:34","date_gmt":"2023-10-05T16:43:34","guid":{"rendered":"https:\/\/blogdoedvaldomagalhaes.com.br\/?p=101560"},"modified":"2023-10-05T13:43:35","modified_gmt":"2023-10-05T16:43:35","slug":"1a-feira-multicultural-raizes-do-agreste-acontece-sabado-7","status":"publish","type":"post","link":"https:\/\/blogdoedvaldomagalhaes.com.br\/index.php\/2023\/10\/05\/1a-feira-multicultural-raizes-do-agreste-acontece-sabado-7\/","title":{"rendered":"1\u00aa Feira Multicultural Ra\u00edzes do Agreste acontece s\u00e1bado (7)"},"content":{"rendered":"<p>A Funda\u00e7\u00e3o de Cultura de Caruaru, ir\u00e1 apoiar a realiza\u00e7\u00e3o da 1\u00aa Feira Multicultural Ra\u00edzes do Agreste, que ir\u00e1 acontecer no pr\u00f3ximo s\u00e1bado (7), com a participa\u00e7\u00e3o de diversos artistas locais.<\/p>\n<p>\u201cO evento ter\u00e1 do artesanato e da m\u00fasica \u00e0s comidas t\u00edpicas. O grande objetivo \u00e9 fortalecer o cen\u00e1rio art\u00edstico, que possui v\u00e1rios segmentos, para que a popula\u00e7\u00e3o de Caruaru possa conhecer a arte local. A ideia \u00e9 atrair cada vez mais artistas para fazer com que a Feira ocorra uma vez por m\u00eas\u201d, destacou o presidente da Funda\u00e7\u00e3o, H\u00e9rlon Cavalcanti.<\/p>\n<p>O apoio da Prefeitura, por meio da Funda\u00e7\u00e3o de Cultura, se dar\u00e1 por meio das barracas padronizadas para os artistas e o local no qual a Feira Multicultural ir\u00e1 acontecer: no Polo Cultural da Esta\u00e7\u00e3o Ferrovi\u00e1ria.<\/p>\n<p>Os interessados poder\u00e3o conferir o evento promovido pelo Coletivo Esta\u00e7\u00e3o da Feira das 14h \u00e0s 19h. O Polo Cultural est\u00e1 localizado na Rua Silva Filho, sem n\u00famero, bairro Maur\u00edcio de Nassau (antiga Esta\u00e7\u00e3o Ferrovi\u00e1ria).<br \/>\nSiga o Instagram do Blog para comentar @blogdoedvaldomagalhaes<br \/>\nSe inscreva no canal do Blog no You Tube<\/p>\n","protected":false},"excerpt":{"rendered":"<p>A Funda\u00e7\u00e3o de Cultura de Caruaru, ir\u00e1 apoiar a realiza\u00e7\u00e3o da 1\u00aa Feira Multicultural Ra\u00edzes do Agreste, que ir\u00e1 acontecer&hellip;<\/p>\n","protected":false},"author":1,"featured_media":101561,"comment_status":"closed","ping_status":"open","sticky":false,"template":"","format":"standard","meta":{"footnotes":""},"categories":[14120],"tags":[28769,2,19430,3406],"class_list":["post-101560","post","type-post","status-publish","format-standard","has-post-thumbnail","hentry","category-noticias","tag-1a-feira-multicultural-raizes-do-agreste-acontece-sabado-7","tag-blog-do-edvaldo-magalhaes","tag-blog-mais-acessado-de-caruaru","tag-caruaru"],"_links":{"self":[{"href":"https:\/\/blogdoedvaldomagalhaes.com.br\/index.php\/wp-json\/wp\/v2\/posts\/101560","targetHints":{"allow":["GET"]}}],"collection":[{"href":"https:\/\/blogdoedvaldomagalhaes.com.br\/index.php\/wp-json\/wp\/v2\/posts"}],"about":[{"href":"https:\/\/blogdoedvaldomagalhaes.com.br\/index.php\/wp-json\/wp\/v2\/types\/post"}],"author":[{"embeddable":true,"href":"https:\/\/blogdoedvaldomagalhaes.com.br\/index.php\/wp-json\/wp\/v2\/users\/1"}],"replies":[{"embeddable":true,"href":"https:\/\/blogdoedvaldomagalhaes.com.br\/index.php\/wp-json\/wp\/v2\/comments?post=101560"}],"version-history":[{"count":1,"href":"https:\/\/blogdoedvaldomagalhaes.com.br\/index.php\/wp-json\/wp\/v2\/posts\/101560\/revisions"}],"predecessor-version":[{"id":101562,"href":"https:\/\/blogdoedvaldomagalhaes.com.br\/index.php\/wp-json\/wp\/v2\/posts\/101560\/revisions\/101562"}],"wp:featuredmedia":[{"embeddable":true,"href":"https:\/\/blogdoedvaldomagalhaes.com.br\/index.php\/wp-json\/wp\/v2\/media\/101561"}],"wp:attachment":[{"href":"https:\/\/blogdoedvaldomagalhaes.com.br\/index.php\/wp-json\/wp\/v2\/media?parent=101560"}],"wp:term":[{"taxonomy":"category","embeddable":true,"href":"https:\/\/blogdoedvaldomagalhaes.com.br\/index.php\/wp-json\/wp\/v2\/categories?post=101560"},{"taxonomy":"post_tag","embeddable":true,"href":"https:\/\/blogdoedvaldomagalhaes.com.br\/index.php\/wp-json\/wp\/v2\/tags?post=101560"}],"curies":[{"name":"wp","href":"https:\/\/api.w.org\/{rel}","templated":true}]}}