{"id":101557,"date":"2023-10-05T12:28:30","date_gmt":"2023-10-05T15:28:30","guid":{"rendered":"https:\/\/blogdoedvaldomagalhaes.com.br\/?p=101557"},"modified":"2023-10-05T12:28:31","modified_gmt":"2023-10-05T15:28:31","slug":"universidade-de-pernambuco-em-caruaru-promove-a-super-2023-sustentabilidade-5-0","status":"publish","type":"post","link":"https:\/\/blogdoedvaldomagalhaes.com.br\/index.php\/2023\/10\/05\/universidade-de-pernambuco-em-caruaru-promove-a-super-2023-sustentabilidade-5-0\/","title":{"rendered":"Universidade de Pernambuco em Caruaru promove a SUPER 2023: &#8220;Sustentabilidade 5.0&#8221;"},"content":{"rendered":"<p>De 18 a 20 de outubro, a Universidade de Pernambuco (UPE) em Caruaru sediar\u00e1 a SUPER 2023, um evento que foca no tema &#8220;Sustentabilidade 5.0: Governan\u00e7a e Colabora\u00e7\u00e3o entre Humanos e IA&#8221;. Esta iniciativa, coordenada por docentes e discentes da institui\u00e7\u00e3o, apresentar\u00e1 especialistas convidados que discutir\u00e3o a interse\u00e7\u00e3o entre inova\u00e7\u00e3o tecnol\u00f3gica e sustentabilidade.<br \/>\n\u00c0 medida que avan\u00e7amos na era da intelig\u00eancia artificial, surgem novos desafios. A sociedade encontra-se em uma posi\u00e7\u00e3o de adaptar-se a cen\u00e1rios emergentes de previs\u00e3o avan\u00e7ada e automa\u00e7\u00e3o, uma tend\u00eancia que se espera continuar crescendo.<br \/>\nA Semana Universit\u00e1ria da UPE Caruaru \u00e9 focada em temas como tecnologia, administra\u00e7\u00e3o e empreendedorismo. E temos uma \u00f3tima not\u00edcia para os interessados: as inscri\u00e7\u00f5es s\u00e3o gratuitas!<br \/>\nComo Participar:<br \/>\nA inscri\u00e7\u00e3o \u00e9 f\u00e1cil. Basta escanear o c\u00f3digo QR fornecido. Se estiver no Instagram, visite https:\/\/instagram.com\/supercaruaru ou acesse diretamente pelo site oficial https:\/\/caruaru.upe.br\/super\/.<\/p>\n<p>Siga o Instagram do Blog @blogdoedvaldomagalhaes<\/p>\n<p>Se inscreva no canal do Blog no YouTube<\/p>\n","protected":false},"excerpt":{"rendered":"<p>De 18 a 20 de outubro, a Universidade de Pernambuco (UPE) em Caruaru sediar\u00e1 a SUPER 2023, um evento que&hellip;<\/p>\n","protected":false},"author":1,"featured_media":101558,"comment_status":"closed","ping_status":"open","sticky":false,"template":"","format":"standard","meta":{"footnotes":""},"categories":[14120],"tags":[2,19430,3406,28768],"class_list":["post-101557","post","type-post","status-publish","format-standard","has-post-thumbnail","hentry","category-noticias","tag-blog-do-edvaldo-magalhaes","tag-blog-mais-acessado-de-caruaru","tag-caruaru","tag-universidade-de-pernambuco-em-caruaru-promove-a-super-2023-sustentabilidade-5-0"],"_links":{"self":[{"href":"https:\/\/blogdoedvaldomagalhaes.com.br\/index.php\/wp-json\/wp\/v2\/posts\/101557","targetHints":{"allow":["GET"]}}],"collection":[{"href":"https:\/\/blogdoedvaldomagalhaes.com.br\/index.php\/wp-json\/wp\/v2\/posts"}],"about":[{"href":"https:\/\/blogdoedvaldomagalhaes.com.br\/index.php\/wp-json\/wp\/v2\/types\/post"}],"author":[{"embeddable":true,"href":"https:\/\/blogdoedvaldomagalhaes.com.br\/index.php\/wp-json\/wp\/v2\/users\/1"}],"replies":[{"embeddable":true,"href":"https:\/\/blogdoedvaldomagalhaes.com.br\/index.php\/wp-json\/wp\/v2\/comments?post=101557"}],"version-history":[{"count":1,"href":"https:\/\/blogdoedvaldomagalhaes.com.br\/index.php\/wp-json\/wp\/v2\/posts\/101557\/revisions"}],"predecessor-version":[{"id":101559,"href":"https:\/\/blogdoedvaldomagalhaes.com.br\/index.php\/wp-json\/wp\/v2\/posts\/101557\/revisions\/101559"}],"wp:featuredmedia":[{"embeddable":true,"href":"https:\/\/blogdoedvaldomagalhaes.com.br\/index.php\/wp-json\/wp\/v2\/media\/101558"}],"wp:attachment":[{"href":"https:\/\/blogdoedvaldomagalhaes.com.br\/index.php\/wp-json\/wp\/v2\/media?parent=101557"}],"wp:term":[{"taxonomy":"category","embeddable":true,"href":"https:\/\/blogdoedvaldomagalhaes.com.br\/index.php\/wp-json\/wp\/v2\/categories?post=101557"},{"taxonomy":"post_tag","embeddable":true,"href":"https:\/\/blogdoedvaldomagalhaes.com.br\/index.php\/wp-json\/wp\/v2\/tags?post=101557"}],"curies":[{"name":"wp","href":"https:\/\/api.w.org\/{rel}","templated":true}]}}