{"id":101467,"date":"2023-10-03T09:43:15","date_gmt":"2023-10-03T12:43:15","guid":{"rendered":"https:\/\/blogdoedvaldomagalhaes.com.br\/?p=101467"},"modified":"2023-10-03T09:43:15","modified_gmt":"2023-10-03T12:43:15","slug":"vereador-cabo-cardoso-se-manifesta-contra-a-descriminalizacao-da-maconha","status":"publish","type":"post","link":"https:\/\/blogdoedvaldomagalhaes.com.br\/index.php\/2023\/10\/03\/vereador-cabo-cardoso-se-manifesta-contra-a-descriminalizacao-da-maconha\/","title":{"rendered":"Vereador Cabo Cardoso se manifesta contra a descriminaliza\u00e7\u00e3o da maconha"},"content":{"rendered":"<p>O Vereador Cabo Cardoso se pronunciou sobre a vota\u00e7\u00e3o que acontece no Supremo Tribunal Federal onde os Ministros votam a descriminaliza\u00e7\u00e3o da posse de maconha. O ministro Alexandre de Moraes inclusive votou para descriminalizar a posse de maconha em at\u00e9 60 gramas. O vereador Cabo Cardoso em seu discurso falou do sofrimento das fam\u00edlias que tem pessoas viciadas em casa e falou do aumento da criminalidade al\u00e9m do retrocesso na lei que ir\u00e1 beneficiar v\u00e1rios criminosos presos. &#8220;S\u00f3 \u00e9 favor da libera\u00e7\u00e3o da maconha quem n\u00e3o conhece o sofrimento de uma m\u00e3e ou um pai que perdeu seu filho para as drogas, mais de 70% dos crimes s\u00e3o derivados do tr\u00e1fico de drogas&#8221;, disse o parlamentar ap\u00f3s um discurso acalorado. Foto: Vladimir Barreto.<\/p>\n<p>Siga o Instagram do Blog para comentar @blogdoedvaldomagalhaes<\/p>\n<p>Se inscreva no canal do Blog no YouTube<\/p>\n<hr \/>\n","protected":false},"excerpt":{"rendered":"<p>O Vereador Cabo Cardoso se pronunciou sobre a vota\u00e7\u00e3o que acontece no Supremo Tribunal Federal onde os Ministros votam a&hellip;<\/p>\n","protected":false},"author":1,"featured_media":99421,"comment_status":"closed","ping_status":"open","sticky":false,"template":"","format":"standard","meta":{"footnotes":""},"categories":[14122],"tags":[2,19430,3406,20295,28713],"class_list":["post-101467","post","type-post","status-publish","format-standard","has-post-thumbnail","hentry","category-politica","tag-blog-do-edvaldo-magalhaes","tag-blog-mais-acessado-de-caruaru","tag-caruaru","tag-politica-2","tag-vereador-cabo-cardoso-se-manifesta-contra-a-descriminalizacao-da-maconha"],"_links":{"self":[{"href":"https:\/\/blogdoedvaldomagalhaes.com.br\/index.php\/wp-json\/wp\/v2\/posts\/101467","targetHints":{"allow":["GET"]}}],"collection":[{"href":"https:\/\/blogdoedvaldomagalhaes.com.br\/index.php\/wp-json\/wp\/v2\/posts"}],"about":[{"href":"https:\/\/blogdoedvaldomagalhaes.com.br\/index.php\/wp-json\/wp\/v2\/types\/post"}],"author":[{"embeddable":true,"href":"https:\/\/blogdoedvaldomagalhaes.com.br\/index.php\/wp-json\/wp\/v2\/users\/1"}],"replies":[{"embeddable":true,"href":"https:\/\/blogdoedvaldomagalhaes.com.br\/index.php\/wp-json\/wp\/v2\/comments?post=101467"}],"version-history":[{"count":1,"href":"https:\/\/blogdoedvaldomagalhaes.com.br\/index.php\/wp-json\/wp\/v2\/posts\/101467\/revisions"}],"predecessor-version":[{"id":101468,"href":"https:\/\/blogdoedvaldomagalhaes.com.br\/index.php\/wp-json\/wp\/v2\/posts\/101467\/revisions\/101468"}],"wp:featuredmedia":[{"embeddable":true,"href":"https:\/\/blogdoedvaldomagalhaes.com.br\/index.php\/wp-json\/wp\/v2\/media\/99421"}],"wp:attachment":[{"href":"https:\/\/blogdoedvaldomagalhaes.com.br\/index.php\/wp-json\/wp\/v2\/media?parent=101467"}],"wp:term":[{"taxonomy":"category","embeddable":true,"href":"https:\/\/blogdoedvaldomagalhaes.com.br\/index.php\/wp-json\/wp\/v2\/categories?post=101467"},{"taxonomy":"post_tag","embeddable":true,"href":"https:\/\/blogdoedvaldomagalhaes.com.br\/index.php\/wp-json\/wp\/v2\/tags?post=101467"}],"curies":[{"name":"wp","href":"https:\/\/api.w.org\/{rel}","templated":true}]}}