{"id":101291,"date":"2023-09-28T10:03:51","date_gmt":"2023-09-28T13:03:51","guid":{"rendered":"https:\/\/blogdoedvaldomagalhaes.com.br\/?p=101291"},"modified":"2023-09-28T10:52:29","modified_gmt":"2023-09-28T13:52:29","slug":"andarilho-e-assassinado-a-pedradas-em-caruaru","status":"publish","type":"post","link":"https:\/\/blogdoedvaldomagalhaes.com.br\/index.php\/2023\/09\/28\/andarilho-e-assassinado-a-pedradas-em-caruaru\/","title":{"rendered":"Andarilho \u00e9 assassinado a pedradas em Caruaru"},"content":{"rendered":"<p>Um homic\u00eddio foi registrado na manh\u00e3 desta quinta-feira (28.09), na rua Belarmino Cavalcante, no bairro Caiuc\u00e1, em Caruaru. O andarilho Orlando Hon\u00f3rio de Barros, 54 anos de idade, foi assassinado a pedradas. De acordo com familiares a v\u00edtima era alco\u00f3latra e preferia viver em situa\u00e7\u00e3o de rua.<\/p>\n<p>Este foi o 8\u2022 homic\u00eddio no m\u00eas de setembro, e o 102\u2022 no ano de 2023 em Caruaru.<\/p>\n<p><img loading=\"lazy\" decoding=\"async\" src=\"https:\/\/blogdoedvaldomagalhaes.com.br\/wp-content\/uploads\/2023\/09\/copia-de-texto-do-seu-paragrafo-1.jpg\" class=\"size-full wp-image-101296\" width=\"1052\" height=\"869\" srcset=\"https:\/\/blogdoedvaldomagalhaes.com.br\/wp-content\/uploads\/2023\/09\/copia-de-texto-do-seu-paragrafo-1.jpg 1052w, https:\/\/blogdoedvaldomagalhaes.com.br\/wp-content\/uploads\/2023\/09\/copia-de-texto-do-seu-paragrafo-1-300x248.jpg 300w, https:\/\/blogdoedvaldomagalhaes.com.br\/wp-content\/uploads\/2023\/09\/copia-de-texto-do-seu-paragrafo-1-1024x846.jpg 1024w, https:\/\/blogdoedvaldomagalhaes.com.br\/wp-content\/uploads\/2023\/09\/copia-de-texto-do-seu-paragrafo-1-768x634.jpg 768w\" sizes=\"auto, (max-width: 1052px) 100vw, 1052px\" \/><\/p>\n","protected":false},"excerpt":{"rendered":"<p>Um homic\u00eddio foi registrado na manh\u00e3 desta quinta-feira (28.09), na rua Belarmino Cavalcante, no bairro Caiuc\u00e1, em Caruaru. O andarilho&hellip;<\/p>\n","protected":false},"author":1,"featured_media":101292,"comment_status":"closed","ping_status":"open","sticky":false,"template":"","format":"standard","meta":{"footnotes":""},"categories":[14121],"tags":[28673,2,19430,5448],"class_list":["post-101291","post","type-post","status-publish","format-standard","has-post-thumbnail","hentry","category-policial","tag-andarilho-e-assassinado-a-pedradas-em-caruaru","tag-blog-do-edvaldo-magalhaes","tag-blog-mais-acessado-de-caruaru","tag-homicidio"],"_links":{"self":[{"href":"https:\/\/blogdoedvaldomagalhaes.com.br\/index.php\/wp-json\/wp\/v2\/posts\/101291","targetHints":{"allow":["GET"]}}],"collection":[{"href":"https:\/\/blogdoedvaldomagalhaes.com.br\/index.php\/wp-json\/wp\/v2\/posts"}],"about":[{"href":"https:\/\/blogdoedvaldomagalhaes.com.br\/index.php\/wp-json\/wp\/v2\/types\/post"}],"author":[{"embeddable":true,"href":"https:\/\/blogdoedvaldomagalhaes.com.br\/index.php\/wp-json\/wp\/v2\/users\/1"}],"replies":[{"embeddable":true,"href":"https:\/\/blogdoedvaldomagalhaes.com.br\/index.php\/wp-json\/wp\/v2\/comments?post=101291"}],"version-history":[{"count":3,"href":"https:\/\/blogdoedvaldomagalhaes.com.br\/index.php\/wp-json\/wp\/v2\/posts\/101291\/revisions"}],"predecessor-version":[{"id":101297,"href":"https:\/\/blogdoedvaldomagalhaes.com.br\/index.php\/wp-json\/wp\/v2\/posts\/101291\/revisions\/101297"}],"wp:featuredmedia":[{"embeddable":true,"href":"https:\/\/blogdoedvaldomagalhaes.com.br\/index.php\/wp-json\/wp\/v2\/media\/101292"}],"wp:attachment":[{"href":"https:\/\/blogdoedvaldomagalhaes.com.br\/index.php\/wp-json\/wp\/v2\/media?parent=101291"}],"wp:term":[{"taxonomy":"category","embeddable":true,"href":"https:\/\/blogdoedvaldomagalhaes.com.br\/index.php\/wp-json\/wp\/v2\/categories?post=101291"},{"taxonomy":"post_tag","embeddable":true,"href":"https:\/\/blogdoedvaldomagalhaes.com.br\/index.php\/wp-json\/wp\/v2\/tags?post=101291"}],"curies":[{"name":"wp","href":"https:\/\/api.w.org\/{rel}","templated":true}]}}