{"id":101288,"date":"2023-09-28T08:04:12","date_gmt":"2023-09-28T11:04:12","guid":{"rendered":"https:\/\/blogdoedvaldomagalhaes.com.br\/?p=101288"},"modified":"2023-09-28T08:04:13","modified_gmt":"2023-09-28T11:04:13","slug":"seis-pessoas-que-praticavam-pega-foram-presas-e-carros-apreendidos","status":"publish","type":"post","link":"https:\/\/blogdoedvaldomagalhaes.com.br\/index.php\/2023\/09\/28\/seis-pessoas-que-praticavam-pega-foram-presas-e-carros-apreendidos\/","title":{"rendered":"Seis pessoas que praticavam &#8220;pega&#8221; foram presas e carros apreendidos"},"content":{"rendered":"<p>Policiais Militares do BPTran, prenderam na madrugada desta quinta-feira (28), seis pessoas suspeitas de praticar \u201cpega\u201d na Zona Sul do Recife. Os envolvidos tentaram se evadir, mas foram detidos pelo efetivo policial. Dois ve\u00edculos foram apreendidos na opera\u00e7\u00e3o. Os nomes n\u00e3o foram divulgados. Foto: Divulga\u00e7\u00e3o\/PMPE.<br \/>\nSiga o Instagram do Blog @blogdoedvaldomagalhaes<br \/>\nSe inscreva no canal do Blog no You Tube<\/p>\n","protected":false},"excerpt":{"rendered":"<p>Policiais Militares do BPTran, prenderam na madrugada desta quinta-feira (28), seis pessoas suspeitas de praticar \u201cpega\u201d na Zona Sul do&hellip;<\/p>\n","protected":false},"author":1,"featured_media":101289,"comment_status":"closed","ping_status":"open","sticky":false,"template":"","format":"standard","meta":{"footnotes":""},"categories":[14121],"tags":[2,19430,3406,28672],"class_list":["post-101288","post","type-post","status-publish","format-standard","has-post-thumbnail","hentry","category-policial","tag-blog-do-edvaldo-magalhaes","tag-blog-mais-acessado-de-caruaru","tag-caruaru","tag-seis-pessoas-que-praticavam-pega-foram-presas-e-carros-apreendidos"],"_links":{"self":[{"href":"https:\/\/blogdoedvaldomagalhaes.com.br\/index.php\/wp-json\/wp\/v2\/posts\/101288","targetHints":{"allow":["GET"]}}],"collection":[{"href":"https:\/\/blogdoedvaldomagalhaes.com.br\/index.php\/wp-json\/wp\/v2\/posts"}],"about":[{"href":"https:\/\/blogdoedvaldomagalhaes.com.br\/index.php\/wp-json\/wp\/v2\/types\/post"}],"author":[{"embeddable":true,"href":"https:\/\/blogdoedvaldomagalhaes.com.br\/index.php\/wp-json\/wp\/v2\/users\/1"}],"replies":[{"embeddable":true,"href":"https:\/\/blogdoedvaldomagalhaes.com.br\/index.php\/wp-json\/wp\/v2\/comments?post=101288"}],"version-history":[{"count":1,"href":"https:\/\/blogdoedvaldomagalhaes.com.br\/index.php\/wp-json\/wp\/v2\/posts\/101288\/revisions"}],"predecessor-version":[{"id":101290,"href":"https:\/\/blogdoedvaldomagalhaes.com.br\/index.php\/wp-json\/wp\/v2\/posts\/101288\/revisions\/101290"}],"wp:featuredmedia":[{"embeddable":true,"href":"https:\/\/blogdoedvaldomagalhaes.com.br\/index.php\/wp-json\/wp\/v2\/media\/101289"}],"wp:attachment":[{"href":"https:\/\/blogdoedvaldomagalhaes.com.br\/index.php\/wp-json\/wp\/v2\/media?parent=101288"}],"wp:term":[{"taxonomy":"category","embeddable":true,"href":"https:\/\/blogdoedvaldomagalhaes.com.br\/index.php\/wp-json\/wp\/v2\/categories?post=101288"},{"taxonomy":"post_tag","embeddable":true,"href":"https:\/\/blogdoedvaldomagalhaes.com.br\/index.php\/wp-json\/wp\/v2\/tags?post=101288"}],"curies":[{"name":"wp","href":"https:\/\/api.w.org\/{rel}","templated":true}]}}