{"id":100954,"date":"2023-09-19T18:11:26","date_gmt":"2023-09-19T21:11:26","guid":{"rendered":"https:\/\/blogdoedvaldomagalhaes.com.br\/?p=100954"},"modified":"2023-09-19T18:11:27","modified_gmt":"2023-09-19T21:11:27","slug":"paroquia-de-casa-forte-leva-atendimento-medico-e-servicos-a-populacao-carente","status":"publish","type":"post","link":"https:\/\/blogdoedvaldomagalhaes.com.br\/index.php\/2023\/09\/19\/paroquia-de-casa-forte-leva-atendimento-medico-e-servicos-a-populacao-carente\/","title":{"rendered":"Par\u00f3quia de Casa Forte leva atendimento m\u00e9dico e servi\u00e7os \u00e0 popula\u00e7\u00e3o carente"},"content":{"rendered":"<p style=\"text-align: justify;\"><span class=\"s3\" style=\"font-size: revert;\"><span class=\"bumpedFont15\">Os volunt\u00e1rios da Igreja de Casa Forte, na Zona Norte do Recife, realizaram uma a\u00e7\u00e3o solid\u00e1ria para cerca de <\/span><\/span><span class=\"s3\" style=\"font-size: revert;\"><span class=\"bumpedFont15\">300<\/span><\/span><span class=\"s3\" style=\"font-size: revert;\"><span class=\"bumpedFont15\"> pessoas das comunidades localizadas no entorno da par\u00f3quia. A <\/span><\/span><span class=\"s3\" style=\"font-size: revert;\"><span class=\"bumpedFont15\">iniciativa<\/span><\/span><span class=\"s3\" style=\"font-size: revert;\"><span class=\"bumpedFont15\"> levou atendimento nas \u00e1reas de oftalmologia, odontologia, cardiologia, nutri\u00e7\u00e3o, psicologia e tamb\u00e9m ofereceu servi\u00e7os de vacina\u00e7\u00e3o, emiss\u00e3o de documentos, consultas jur\u00eddicas e exames de mamografia.<\/span><\/span><\/p>\n<p style=\"text-align: justify;\"><span class=\"s3\"><span class=\"bumpedFont15\">Cercada por seis comunidades carentes, a Par\u00f3quia d<\/span><\/span><span class=\"s3\"><span class=\"bumpedFont15\">e Casa Forte realiza mensamente<\/span><\/span><span class=\"s3\"><span class=\"bumpedFont15\"> a\u00e7\u00f5es para os moradores do entorno da Igreja. A par\u00f3quia tamb\u00e9m mant\u00e9m uma creche que atende <\/span><\/span><a name=\"_GoBack\"><\/a><span class=\"s3\"><span class=\"bumpedFont15\">300 crian\u00e7as do bairro.<\/span><\/span><\/p>\n<p style=\"text-align: justify;\"><span class=\"s3\"><span class=\"bumpedFont15\">O HOPE e o Hospital Santa Luzia, unidades de sa\u00fade que integram o grupo Vision <\/span><\/span><span class=\"s3\"><span class=\"bumpedFont15\">One<\/span><\/span><span class=\"s3\"><span class=\"bumpedFont15\"> e est\u00e3o presentes no bairro de Casa Forte, disponibilizaram profissionais para a a\u00e7\u00e3o social e um consult\u00f3rio m\u00f3vel. Ao todo, foram <\/span><\/span><span class=\"s3\"><span class=\"bumpedFont15\">quase 300<\/span><\/span><span class=\"s3\"><span class=\"bumpedFont15\"> pessoas atendidas pela equipe das unidades. &#8220;A gente teve a participa\u00e7\u00e3o de diversos colaboradores do HOPE e do Santa Luzia para ajudar no atendimento. V\u00e1rios m\u00e9dicos, residentes e estudantes de medicina. Foram mais de 50 volunt\u00e1rios ajudando para atender \u00e0 popula\u00e7\u00e3o carente&#8221;, afirma o diretor m\u00e9dico do HOPE, Vasco Bravo Filho.<\/span><\/span><\/p>\n<p style=\"text-align: justify;\"><span class=\"s3\"><span class=\"bumpedFont15\">Os hospitais tamb\u00e9m doaram mais de 120 arma\u00e7\u00f5es de \u00f3culos e col\u00edrios, atrav\u00e9s de uma parceria com as empresas \u00d3tica Diniz, <\/span><\/span><span class=\"s3\"><span class=\"bumpedFont15\">Zeiss<\/span><\/span><span class=\"s3\"><span class=\"bumpedFont15\"> e <\/span><\/span><span class=\"s3\"><span class=\"bumpedFont15\">Latinofarma<\/span><\/span><span class=\"s3\"><span class=\"bumpedFont15\">. Os pacientes que precisavam de atendimento complementar foram encaminhados para a Funda\u00e7\u00e3o Santa Luzia, tamb\u00e9m localizada em Casa Forte.<\/span><\/span><\/p>\n<p style=\"text-align: justify;\"><span class=\"s3\"><span class=\"bumpedFont15\">Al\u00e9m dos profissionais do HOPE e do Hospital Santa Luzia, a a\u00e7\u00e3o social da Par\u00f3quia de Casa Forte teve o apoio da Prefeitura do Recife e do Governo de Pernambuco, juntamente com empresas como Expor Nordeste, <\/span><\/span><span class=\"s3\"><span class=\"bumpedFont15\">Icordis<\/span><\/span><span class=\"s3\"><span class=\"bumpedFont15\">, <\/span><\/span><span class=\"s3\"><span class=\"bumpedFont15\">Diagn\u00f3stika<\/span><\/span><span class=\"s3\"><span class=\"bumpedFont15\">, Farm\u00e1cia Esperan\u00e7a, Rei das Coxinhas, <\/span><\/span><span class=\"s3\"><span class=\"bumpedFont15\">Docctor<\/span><\/span> <span class=\"s3\"><span class=\"bumpedFont15\">Med<\/span><\/span><span class=\"s3\"><span class=\"bumpedFont15\">, entre outros.<\/span><\/span><\/p>\n","protected":false},"excerpt":{"rendered":"<p>Os volunt\u00e1rios da Igreja de Casa Forte, na Zona Norte do Recife, realizaram uma a\u00e7\u00e3o solid\u00e1ria para cerca de 300&hellip;<\/p>\n","protected":false},"author":1,"featured_media":100955,"comment_status":"closed","ping_status":"open","sticky":false,"template":"","format":"standard","meta":{"footnotes":""},"categories":[14120],"tags":[2,19532,3406,28593],"class_list":["post-100954","post","type-post","status-publish","format-standard","has-post-thumbnail","hentry","category-noticias","tag-blog-do-edvaldo-magalhaes","tag-blog-mais-acessado-e-visualizado-de-caruaru-e-regiao","tag-caruaru","tag-paroquia-de-casa-forte-leva-atendimento-medico-e-servicos-a-populacao-carente"],"_links":{"self":[{"href":"https:\/\/blogdoedvaldomagalhaes.com.br\/index.php\/wp-json\/wp\/v2\/posts\/100954","targetHints":{"allow":["GET"]}}],"collection":[{"href":"https:\/\/blogdoedvaldomagalhaes.com.br\/index.php\/wp-json\/wp\/v2\/posts"}],"about":[{"href":"https:\/\/blogdoedvaldomagalhaes.com.br\/index.php\/wp-json\/wp\/v2\/types\/post"}],"author":[{"embeddable":true,"href":"https:\/\/blogdoedvaldomagalhaes.com.br\/index.php\/wp-json\/wp\/v2\/users\/1"}],"replies":[{"embeddable":true,"href":"https:\/\/blogdoedvaldomagalhaes.com.br\/index.php\/wp-json\/wp\/v2\/comments?post=100954"}],"version-history":[{"count":1,"href":"https:\/\/blogdoedvaldomagalhaes.com.br\/index.php\/wp-json\/wp\/v2\/posts\/100954\/revisions"}],"predecessor-version":[{"id":100956,"href":"https:\/\/blogdoedvaldomagalhaes.com.br\/index.php\/wp-json\/wp\/v2\/posts\/100954\/revisions\/100956"}],"wp:featuredmedia":[{"embeddable":true,"href":"https:\/\/blogdoedvaldomagalhaes.com.br\/index.php\/wp-json\/wp\/v2\/media\/100955"}],"wp:attachment":[{"href":"https:\/\/blogdoedvaldomagalhaes.com.br\/index.php\/wp-json\/wp\/v2\/media?parent=100954"}],"wp:term":[{"taxonomy":"category","embeddable":true,"href":"https:\/\/blogdoedvaldomagalhaes.com.br\/index.php\/wp-json\/wp\/v2\/categories?post=100954"},{"taxonomy":"post_tag","embeddable":true,"href":"https:\/\/blogdoedvaldomagalhaes.com.br\/index.php\/wp-json\/wp\/v2\/tags?post=100954"}],"curies":[{"name":"wp","href":"https:\/\/api.w.org\/{rel}","templated":true}]}}